{"id":10086,"date":"2022-12-13T13:47:44","date_gmt":"2022-12-13T13:47:44","guid":{"rendered":"https:\/\/plexo.edu.uy\/?p=10086"},"modified":"2023-01-24T13:31:16","modified_gmt":"2023-01-24T13:31:16","slug":"curricularizacion-genero-arquitecturas-ciudades-y-territorios-02","status":"publish","type":"post","link":"https:\/\/plexo.edu.uy\/index.php\/2022\/12\/13\/curricularizacion-genero-arquitecturas-ciudades-y-territorios-02\/","title":{"rendered":"Curricularizaci\u00f3n | G\u00e9nero, Arquitecturas, Ciudades y Territorios 02"},"content":{"rendered":"<p>[et_pb_section fb_built=&#8221;1&#8243; _builder_version=&#8221;4.18.0&#8243; _module_preset=&#8221;default&#8221; global_colors_info=&#8221;{}&#8221;][et_pb_row _builder_version=&#8221;4.18.0&#8243; _module_preset=&#8221;default&#8221; global_colors_info=&#8221;{}&#8221;][et_pb_column type=&#8221;4_4&#8243; _builder_version=&#8221;4.18.0&#8243; _module_preset=&#8221;default&#8221; global_colors_info=&#8221;{}&#8221;][et_pb_text _builder_version=&#8221;4.19.2&#8243; _module_preset=&#8221;default&#8221; global_colors_info=&#8221;{}&#8221;]<\/p>\n<h3 style=\"text-align: center;\">Futuros Posibles<\/h3>\n<p style=\"text-align: center;\"><em>Escenarios, lecturas, e interpretaciones sobre el contexto arquitect\u00f3nico global.<\/em><\/p>\n<h2 style=\"text-align: center;\"><strong>G\u00e9nero, Arquitecturas, Ciudades y Territorios<\/strong><\/h2>\n<h3 style=\"text-align: center;\">02<\/h3>\n<p style=\"text-align: center;\">Curricularizaci\u00f3n Eje de trabajo 06<\/p>\n<p style=\"text-align: center;\">V\u00eda Zoom | 17\/12\/22 | 10:00 a 13:00hs<\/p>\n<p>[\/et_pb_text][\/et_pb_column][\/et_pb_row][et_pb_row column_structure=&#8221;1_2,1_2&#8243; _builder_version=&#8221;4.18.0&#8243; _module_preset=&#8221;default&#8221; global_colors_info=&#8221;{}&#8221;][et_pb_column type=&#8221;1_2&#8243; _builder_version=&#8221;4.18.0&#8243; _module_preset=&#8221;default&#8221; global_colors_info=&#8221;{}&#8221;][et_pb_image src=&#8221;https:\/\/plexo.edu.uy\/wp-content\/uploads\/2022\/12\/Difusion-charlas-PLEXO-59.jpg&#8221; title_text=&#8221;Difusi\u00f3n charlas PLEXO-59&#8243; _builder_version=&#8221;4.19.2&#8243; _module_preset=&#8221;default&#8221; global_colors_info=&#8221;{}&#8221;][\/et_pb_image][et_pb_text _builder_version=&#8221;4.19.2&#8243; _module_preset=&#8221;default&#8221; text_orientation=&#8221;justified&#8221; global_colors_info=&#8221;{}&#8221;]<\/p>\n<h4>Jimena Abraham Viera<\/h4>\n<p>10:00 a 11:30hs<\/p>\n<h4><strong>&#8220;Narrativas emergentes. G\u00e9nero(s), ficciones, espacios, y territorios.&#8221;<\/strong><\/h4>\n<p>En la d\u00e9cada del 70 surgen diversos trabajos que incorporan al estudio espacial la perspectiva de g\u00e9nero. Estos estudios introducen al an\u00e1lisis nuevas categor\u00edas, hist\u00f3ricamente omitidas, para el abordaje de la conformaci\u00f3n de los procesos socio-espaciales, lo que permite hacer visible las diferencias en los usos, en las percepciones y en las apropiaciones de las espacialidades, seg\u00fan los roles de g\u00e9nero socialmente construidos. Analizado desde esta perspectiva, el espacio no es neutro, es parte activa en la construcci\u00f3n de normatividades de g\u00e9nero y, su configuraci\u00f3n, localizaci\u00f3n y usos, expresa jerarqu\u00edas y provoca desigualdades. La charla abordar\u00e1 la relaci\u00f3n entre espacio, territorio y\u00a0 g\u00e9nero(s) y para su desarrollo tomar\u00e1 algunas obras y ciudades dentro del itinerario del viaje.<\/p>\n<p>[\/et_pb_text][\/et_pb_column][et_pb_column type=&#8221;1_2&#8243; _builder_version=&#8221;4.18.0&#8243; _module_preset=&#8221;default&#8221; global_colors_info=&#8221;{}&#8221;][et_pb_image src=&#8221;https:\/\/plexo.edu.uy\/wp-content\/uploads\/2022\/12\/Difusion-charlas-PLEXO-61.jpg&#8221; title_text=&#8221;Difusi\u00f3n charlas PLEXO-61&#8243; _builder_version=&#8221;4.19.2&#8243; _module_preset=&#8221;default&#8221; global_colors_info=&#8221;{}&#8221;][\/et_pb_image][et_pb_text _builder_version=&#8221;4.19.2&#8243; _module_preset=&#8221;default&#8221; text_orientation=&#8221;justified&#8221; global_colors_info=&#8221;{}&#8221;]<\/p>\n<h4>Helena Rinaldi<\/h4>\n<p>11:30 a 13:00hs<\/p>\n<h4><b>&#8220;Visibilizando otros relatos&#8221;<\/b><\/h4>\n<p>Se propone un recorrido desde una perspectiva de g\u00e9nero que permite interpelar con mirada cr\u00edtica al modelo hegem\u00f3nico. Evidenciar c\u00f3mo las mujeres han sido excluidas habitualmente del relato hist\u00f3rico convencional, haciendo visible el trabajo de arquitectas excepcionales, desde pioneras hasta contempor\u00e1neas<\/p>\n<p>[\/et_pb_text][\/et_pb_column][\/et_pb_row][et_pb_row _builder_version=&#8221;4.19.2&#8243; _module_preset=&#8221;default&#8221;][et_pb_column _builder_version=&#8221;4.19.2&#8243; _module_preset=&#8221;default&#8221; type=&#8221;4_4&#8243;][et_pb_text _builder_version=&#8221;4.19.2&#8243; _module_preset=&#8221;default&#8221; hover_enabled=&#8221;0&#8243; sticky_enabled=&#8221;0&#8243;]<\/p>\n<hr \/>\n<p style=\"text-align: center;\"><strong>Enlace para Zoom<\/strong><\/p>\n<p style=\"text-align: center;\"><a href=\"https:\/\/salavirtual-udelar.zoom.us\/j\/84881379059?pwd=WG1YdGs2eG9CMjJoYmN4ODFLelpVZz09\">https:\/\/salavirtual-udelar.zoom.us\/j\/84881379059?pwd=WG1YdGs2eG9CMjJoYmN4ODFLelpVZz09<\/a><\/p>\n<p style=\"text-align: center;\">ID de reuni\u00f3n: 848 8137 9059<\/p>\n<hr \/>\n<p>&nbsp;<\/p>\n<p>[\/et_pb_text][\/et_pb_column][\/et_pb_row][\/et_pb_section]<\/p>\n","protected":false},"excerpt":{"rendered":"<p>Ciclo de Conferencias en torno a la curricularizaci\u00f3n del Viaje de Arquitectura de la generaci\u00f3n 2015. Esta ser\u00e1 la segunda instancia del Eje de trabajo 06, G\u00e9nero, arquitecturas, ciudades y territorios con charla de Jimena Abraham Viera y Helena Rinaldi<\/p>\n","protected":false},"author":3,"featured_media":10094,"comment_status":"closed","ping_status":"open","sticky":false,"template":"","format":"standard","meta":{"_et_pb_use_builder":"on","_et_pb_old_content":"","_et_gb_content_width":"","footnotes":""},"categories":[12],"tags":[],"class_list":["post-10086","post","type-post","status-publish","format-standard","has-post-thumbnail","hentry","category-curricularizacion"],"_links":{"self":[{"href":"https:\/\/plexo.edu.uy\/index.php\/wp-json\/wp\/v2\/posts\/10086","targetHints":{"allow":["GET"]}}],"collection":[{"href":"https:\/\/plexo.edu.uy\/index.php\/wp-json\/wp\/v2\/posts"}],"about":[{"href":"https:\/\/plexo.edu.uy\/index.php\/wp-json\/wp\/v2\/types\/post"}],"author":[{"embeddable":true,"href":"https:\/\/plexo.edu.uy\/index.php\/wp-json\/wp\/v2\/users\/3"}],"replies":[{"embeddable":true,"href":"https:\/\/plexo.edu.uy\/index.php\/wp-json\/wp\/v2\/comments?post=10086"}],"version-history":[{"count":0,"href":"https:\/\/plexo.edu.uy\/index.php\/wp-json\/wp\/v2\/posts\/10086\/revisions"}],"wp:featuredmedia":[{"embeddable":true,"href":"https:\/\/plexo.edu.uy\/index.php\/wp-json\/wp\/v2\/media\/10094"}],"wp:attachment":[{"href":"https:\/\/plexo.edu.uy\/index.php\/wp-json\/wp\/v2\/media?parent=10086"}],"wp:term":[{"taxonomy":"category","embeddable":true,"href":"https:\/\/plexo.edu.uy\/index.php\/wp-json\/wp\/v2\/categories?post=10086"},{"taxonomy":"post_tag","embeddable":true,"href":"https:\/\/plexo.edu.uy\/index.php\/wp-json\/wp\/v2\/tags?post=10086"}],"curies":[{"name":"wp","href":"https:\/\/api.w.org\/{rel}","templated":true}]}}