{"id":11189,"date":"2023-06-14T19:50:52","date_gmt":"2023-06-14T19:50:52","guid":{"rendered":"https:\/\/plexo.edu.uy\/?p=11189"},"modified":"2023-06-15T13:48:00","modified_gmt":"2023-06-15T13:48:00","slug":"estudiantes-inscriptos-y-sorteados-para-las-actividades-de-seminario-y-workshop","status":"publish","type":"post","link":"https:\/\/plexo.edu.uy\/index.php\/2023\/06\/14\/estudiantes-inscriptos-y-sorteados-para-las-actividades-de-seminario-y-workshop\/","title":{"rendered":"Estudiantes inscriptos y sorteados para las actividades de seminario y workshop"},"content":{"rendered":"<p>[et_pb_section fb_built=&#8221;1&#8243; _builder_version=&#8221;4.20.4&#8243; _module_preset=&#8221;default&#8221; global_colors_info=&#8221;{}&#8221;][et_pb_row module_class=&#8221; et_pb_row_fullwidth&#8221; _builder_version=&#8221;4.16&#8243; width_last_edited=&#8221;off|tablet&#8221; max_width=&#8221;100%&#8221; max_width_tablet=&#8221;&#8221; max_width_phone=&#8221;&#8221; max_width_last_edited=&#8221;on|desktop&#8221; custom_padding=&#8221;||||false|false&#8221; make_fullwidth=&#8221;on&#8221; global_colors_info=&#8221;{}&#8221;][et_pb_column type=&#8221;4_4&#8243; _builder_version=&#8221;4.16&#8243; custom_padding=&#8221;||||false|false&#8221; global_colors_info=&#8221;{}&#8221; custom_padding__hover=&#8221;|||&#8221;][et_pb_text admin_label=&#8221;Texto&#8221; _builder_version=&#8221;4.21.0&#8243; _module_preset=&#8221;5ac73559-1b47-46c3-a72e-fccb043a34d8&#8243; text_font=&#8221;||||&#8221; text_text_color=&#8221;#1a1a1a&#8221; header_font=&#8221;||||||||&#8221; header_text_align=&#8221;left&#8221; header_font_size=&#8221;35px&#8221; header_line_height=&#8221;1.3em&#8221; custom_margin=&#8221;|||&#8221; custom_padding=&#8221;|||&#8221; animation_style=&#8221;slide&#8221; animation_direction=&#8221;top&#8221; animation_intensity_slide=&#8221;10%&#8221; header_font_size_tablet=&#8221;55px&#8221; header_font_size_phone=&#8221;40px&#8221; header_font_size_last_edited=&#8221;on|phone&#8221; locked=&#8221;off&#8221; global_colors_info=&#8221;{}&#8221;]<\/p>\n<h1>Seminario &#8220;Digitalization of Cultural Heritage&#8221;<\/h1>\n<p>[\/et_pb_text][et_pb_divider color=&#8221;#dd763b&#8221; divider_position=&#8221;center&#8221; divider_weight=&#8221;5px&#8221; disabled_on=&#8221;off|off|off&#8221; admin_label=&#8221;Separador&#8221; _builder_version=&#8221;4.17.4&#8243; max_width=&#8221;150px&#8221; height=&#8221;false&#8221; custom_margin=&#8221;||||false|false&#8221; animation_style=&#8221;slide&#8221; animation_direction=&#8221;top&#8221; animation_delay=&#8221;100ms&#8221; animation_intensity_slide=&#8221;10%&#8221; locked=&#8221;off&#8221; global_colors_info=&#8221;{}&#8221;][\/et_pb_divider][\/et_pb_column][\/et_pb_row][et_pb_row _builder_version=&#8221;4.20.4&#8243; _module_preset=&#8221;default&#8221; global_colors_info=&#8221;{}&#8221;][et_pb_column type=&#8221;4_4&#8243; _builder_version=&#8221;4.20.4&#8243; _module_preset=&#8221;default&#8221; global_colors_info=&#8221;{}&#8221;][et_pb_text _builder_version=&#8221;4.21.0&#8243; _module_preset=&#8221;default&#8221; global_colors_info=&#8221;{}&#8221;]<\/p>\n<p>Estudiantes inscriptos y sorteados para las actividades de seminario y workshop.<\/p>\n<p>[\/et_pb_text][\/et_pb_column][\/et_pb_row][et_pb_row column_structure=&#8221;1_2,1_2&#8243; _builder_version=&#8221;4.20.4&#8243; _module_preset=&#8221;default&#8221; global_colors_info=&#8221;{}&#8221;][et_pb_column type=&#8221;1_2&#8243; _builder_version=&#8221;4.20.4&#8243; _module_preset=&#8221;default&#8221; global_colors_info=&#8221;{}&#8221;][et_pb_image src=&#8221;https:\/\/plexo.edu.uy\/wp-content\/uploads\/2023\/06\/WhatsApp-Image-2023-06-14-at-12.00.12.jpeg&#8221; title_text=&#8221;WhatsApp Image 2023-06-14 at 12.00.12&#8243; _builder_version=&#8221;4.21.0&#8243; _module_preset=&#8221;default&#8221; global_colors_info=&#8221;{}&#8221;][\/et_pb_image][\/et_pb_column][et_pb_column type=&#8221;1_2&#8243; _builder_version=&#8221;4.20.4&#8243; _module_preset=&#8221;default&#8221; global_colors_info=&#8221;{}&#8221;][\/et_pb_column][\/et_pb_row][et_pb_row column_structure=&#8221;1_2,1_2&#8243; _builder_version=&#8221;4.20.4&#8243; _module_preset=&#8221;default&#8221; global_colors_info=&#8221;{}&#8221;][et_pb_column type=&#8221;1_2&#8243; _builder_version=&#8221;4.20.4&#8243; _module_preset=&#8221;default&#8221; global_colors_info=&#8221;{}&#8221;][et_pb_text _builder_version=&#8221;4.21.0&#8243; _module_preset=&#8221;default&#8221; global_colors_info=&#8221;{}&#8221;]<\/p>\n<h4><strong>Seminario &#8220;Digitalization of Cultural Heritage&#8221;<\/strong><\/h4>\n<h6><strong>16 y 17 de Junio &#8211; I.T.U. Faculty of Architecture Taskisla <\/strong><\/h6>\n<h6><strong>10.00 hs.<\/strong><\/h6>\n<h6>\u00a0<\/h6>\n<h6>Manuela Rodriguez<\/h6>\n<h6>Antonella Figueredo<\/h6>\n<h6>Sof\u00eda Rolla<\/h6>\n<h6>Giovanni Lombardi<\/h6>\n<h6>Iv\u00e1n Aguerrebere<\/h6>\n<h6>Gustavo Gonzalez<\/h6>\n<h6>Gabriel Ferreyra<\/h6>\n<h6>Daiana Alvarez<\/h6>\n<h6>Anal\u00eda Harretche<\/h6>\n<h6>Magdalena Mannise<\/h6>\n<h6>Artuto Garracini<\/h6>\n<h6>Agust\u00edn N\u00fa\u00f1ez<\/h6>\n<h6>Juan Pablo Puletto<\/h6>\n<h6>Felipe Modernell<\/h6>\n<h6>Santiago Alvante<\/h6>\n<h6>Florencia Abad<\/h6>\n<h6>Mateo Bardier<\/h6>\n<h6>Juan Manuel Terra<\/h6>\n<h6>Joaqu\u00edn Musetti<\/h6>\n<h6>Anal\u00eda Tambasco<\/h6>\n<h6>Carolina Chales<\/h6>\n<h6>Angela Ribeiro<\/h6>\n<h6>Matilde Ram\u00edrez<\/h6>\n<h6>Florencia Gianoli<\/h6>\n<h6>Mart\u00edn Barizo<\/h6>\n<h6>Graciana Castaingdebat<\/h6>\n<h6>Florencia Ru\u00e9talo<\/h6>\n<h6>Lucas Arambillete<\/h6>\n<h6>Silvina L\u00f3pez<\/h6>\n<h6>Rodrigo Iglesias<\/h6>\n<h6>In\u00e9s Yerle<\/h6>\n<h6>Luc\u00eda P\u00e9rez<\/h6>\n<h6>Carol Boam<\/h6>\n<h6>Santiago Caballero<\/h6>\n<h6>Priscilla Cassanello<\/h6>\n<h6>Rafael Cavaliere<\/h6>\n<h6>Bruno Dutra<\/h6>\n<h6>Sof\u00eda Ferreira<\/h6>\n<h6>Santiago D\u00edaz<\/h6>\n<h6>Agust\u00edn Silva<\/h6>\n<h6>Elena Besozzi<\/h6>\n<h6>Marcia Serra<\/h6>\n<h6>Lorena Perera<\/h6>\n<h6>Natalia White<\/h6>\n<h6>Ivana Machado<\/h6>\n<h6>Santiago Bravo<\/h6>\n<h6>Felipe De Los Santos<\/h6>\n<h6>Camila Rocha<\/h6>\n<p>[\/et_pb_text][\/et_pb_column][et_pb_column type=&#8221;1_2&#8243; _builder_version=&#8221;4.20.4&#8243; _module_preset=&#8221;default&#8221; global_colors_info=&#8221;{}&#8221;][et_pb_text _builder_version=&#8221;4.21.0&#8243; _module_preset=&#8221;default&#8221; hover_enabled=&#8221;0&#8243; global_colors_info=&#8221;{}&#8221; sticky_enabled=&#8221;0&#8243;]<\/p>\n<h4><strong>Workshop: <\/strong><\/h4>\n<h6><strong>18 de Junio &#8211; I.T.U. Faculty of Architecture TASKISLA<br \/><\/strong><\/h6>\n<h6><strong>10.00 hs.<\/strong><\/h6>\n<p>&nbsp;<\/p>\n<h6>Manuela Rodriguez<\/h6>\n<h6>Antonella Figueredo<\/h6>\n<h6>Giovanni Lombardi<\/h6>\n<h6>Gabriel Ferreyra<\/h6>\n<h6>Arturo Garracini<\/h6>\n<h6>Juan Manuel Terra<\/h6>\n<h6>Joaqu\u00edn Musetti<\/h6>\n<h6>Santiago Alvante<\/h6>\n<h6>Angela Ribeiro<\/h6>\n<h6>Graciana Castaingdebat<\/h6>\n<h6>Florencia Ruetalo<\/h6>\n<h6>Lucas Arambillete<\/h6>\n<h6>Silvina L\u00f3pez<\/h6>\n<h6>Bruno Dutra<\/h6>\n<h6>Marcia Serra<\/h6>\n<p>[\/et_pb_text][\/et_pb_column][\/et_pb_row][\/et_pb_section]<\/p>\n","protected":false},"excerpt":{"rendered":"<p>Estudiantes inscriptos y sorteados para las actividades de seminario y workshop.<\/p>\n","protected":false},"author":1,"featured_media":11192,"comment_status":"open","ping_status":"open","sticky":false,"template":"","format":"standard","meta":{"_et_pb_use_builder":"on","_et_pb_old_content":"","_et_gb_content_width":"","footnotes":""},"categories":[13],"tags":[],"class_list":["post-11189","post","type-post","status-publish","format-standard","has-post-thumbnail","hentry","category-actividades-con-cupo"],"_links":{"self":[{"href":"https:\/\/plexo.edu.uy\/index.php\/wp-json\/wp\/v2\/posts\/11189","targetHints":{"allow":["GET"]}}],"collection":[{"href":"https:\/\/plexo.edu.uy\/index.php\/wp-json\/wp\/v2\/posts"}],"about":[{"href":"https:\/\/plexo.edu.uy\/index.php\/wp-json\/wp\/v2\/types\/post"}],"author":[{"embeddable":true,"href":"https:\/\/plexo.edu.uy\/index.php\/wp-json\/wp\/v2\/users\/1"}],"replies":[{"embeddable":true,"href":"https:\/\/plexo.edu.uy\/index.php\/wp-json\/wp\/v2\/comments?post=11189"}],"version-history":[{"count":0,"href":"https:\/\/plexo.edu.uy\/index.php\/wp-json\/wp\/v2\/posts\/11189\/revisions"}],"wp:featuredmedia":[{"embeddable":true,"href":"https:\/\/plexo.edu.uy\/index.php\/wp-json\/wp\/v2\/media\/11192"}],"wp:attachment":[{"href":"https:\/\/plexo.edu.uy\/index.php\/wp-json\/wp\/v2\/media?parent=11189"}],"wp:term":[{"taxonomy":"category","embeddable":true,"href":"https:\/\/plexo.edu.uy\/index.php\/wp-json\/wp\/v2\/categories?post=11189"},{"taxonomy":"post_tag","embeddable":true,"href":"https:\/\/plexo.edu.uy\/index.php\/wp-json\/wp\/v2\/tags?post=11189"}],"curies":[{"name":"wp","href":"https:\/\/api.w.org\/{rel}","templated":true}]}}