{"id":11202,"date":"2023-06-23T02:00:46","date_gmt":"2023-06-23T02:00:46","guid":{"rendered":"https:\/\/plexo.edu.uy\/?p=11202"},"modified":"2023-06-25T00:12:34","modified_gmt":"2023-06-25T00:12:34","slug":"seminario-universidad-de-navarra-madrid","status":"publish","type":"post","link":"https:\/\/plexo.edu.uy\/index.php\/2023\/06\/23\/seminario-universidad-de-navarra-madrid\/","title":{"rendered":"Seminario Universidad de Navarra | Madrid"},"content":{"rendered":"<p>[et_pb_section fb_built=&#8221;1&#8243; _builder_version=&#8221;4.21.0&#8243; _module_preset=&#8221;default&#8221; global_colors_info=&#8221;{}&#8221;][et_pb_row module_class=&#8221; et_pb_row_fullwidth&#8221; _builder_version=&#8221;4.16&#8243; width_last_edited=&#8221;off|tablet&#8221; max_width=&#8221;100%&#8221; max_width_tablet=&#8221;&#8221; max_width_phone=&#8221;&#8221; max_width_last_edited=&#8221;on|desktop&#8221; custom_padding=&#8221;||||false|false&#8221; make_fullwidth=&#8221;on&#8221; global_colors_info=&#8221;{}&#8221;][et_pb_column type=&#8221;4_4&#8243; _builder_version=&#8221;4.16&#8243; custom_padding=&#8221;||||false|false&#8221; global_colors_info=&#8221;{}&#8221; custom_padding__hover=&#8221;|||&#8221;][et_pb_text admin_label=&#8221;Texto&#8221; _builder_version=&#8221;4.21.0&#8243; _module_preset=&#8221;5ac73559-1b47-46c3-a72e-fccb043a34d8&#8243; text_font=&#8221;||||&#8221; text_text_color=&#8221;#1a1a1a&#8221; header_font=&#8221;||||||||&#8221; header_text_align=&#8221;left&#8221; header_font_size=&#8221;35px&#8221; header_line_height=&#8221;1.3em&#8221; custom_margin=&#8221;|||&#8221; custom_padding=&#8221;|||&#8221; animation_style=&#8221;slide&#8221; animation_direction=&#8221;top&#8221; animation_intensity_slide=&#8221;10%&#8221; header_font_size_tablet=&#8221;55px&#8221; header_font_size_phone=&#8221;40px&#8221; header_font_size_last_edited=&#8221;on|phone&#8221; locked=&#8221;off&#8221; global_colors_info=&#8221;{}&#8221;]<\/p>\n<h1>Seminario de Especializaci\u00f3n en Arquitectura | Universidad de Navarra | Madrid<\/h1>\n<p>[\/et_pb_text][et_pb_divider color=&#8221;#dd763b&#8221; divider_position=&#8221;center&#8221; divider_weight=&#8221;5px&#8221; disabled_on=&#8221;off|off|off&#8221; admin_label=&#8221;Separador&#8221; _builder_version=&#8221;4.17.4&#8243; max_width=&#8221;150px&#8221; height=&#8221;false&#8221; custom_margin=&#8221;||||false|false&#8221; animation_style=&#8221;slide&#8221; animation_direction=&#8221;top&#8221; animation_delay=&#8221;100ms&#8221; animation_intensity_slide=&#8221;10%&#8221; locked=&#8221;off&#8221; global_colors_info=&#8221;{}&#8221;][\/et_pb_divider][\/et_pb_column][\/et_pb_row][et_pb_row column_structure=&#8221;1_2,1_2&#8243; _builder_version=&#8221;4.21.0&#8243; _module_preset=&#8221;default&#8221; global_colors_info=&#8221;{}&#8221;][et_pb_column type=&#8221;1_2&#8243; _builder_version=&#8221;4.21.0&#8243; _module_preset=&#8221;default&#8221; global_colors_info=&#8221;{}&#8221;][dipl_form_styler form_type=&#8221;contact_form_7&#8243; cf7_form_id=&#8221;11201&#8243; use_custom_checkbox=&#8221;on&#8221; submit_bg_color=&#8221;#0a0a0a&#8221; _builder_version=&#8221;4.21.0&#8243; _module_preset=&#8221;default&#8221; submit_button_text_text_color=&#8221;#FFFFFF&#8221; background_color=&#8221;#f4f4f4&#8243; text_orientation=&#8221;justified&#8221; custom_padding=&#8221;18px|18px|18px|18px|false|false&#8221; link_option_url=&#8221;%91contact-form-7 id=%2211201%22 title=%22Seminario Madrid%22%93&#8243; border_width_all=&#8221;1px&#8221; border_color_all=&#8221;#000000&#8243; global_colors_info=&#8221;{}&#8221; disabled_on=&#8221;on|on|on&#8221; disabled=&#8221;on&#8221;][\/dipl_form_styler][et_pb_code disabled_on=&#8221;off|off|off&#8221; _builder_version=&#8221;4.21.0&#8243; _module_preset=&#8221;default&#8221; global_colors_info=&#8221;{}&#8221;]<iframe loading=\"lazy\" src=\"https:\/\/docs.google.com\/forms\/d\/e\/1FAIpQLSfWhkVGDTam-jEikq0g3g7It72BEZOlqv43hpb9a8RvP7oAMQ\/viewform?embedded=true\" width=\"640\" height=\"1298\" frameborder=\"0\" marginheight=\"0\" marginwidth=\"0\">Cargando\u2026<\/iframe>[\/et_pb_code][\/et_pb_column][et_pb_column type=&#8221;1_2&#8243; _builder_version=&#8221;4.21.0&#8243; _module_preset=&#8221;default&#8221; global_colors_info=&#8221;{}&#8221;][et_pb_text _builder_version=&#8221;4.21.0&#8243; _module_preset=&#8221;default&#8221; text_orientation=&#8221;justified&#8221; global_colors_info=&#8221;{}&#8221;]<\/p>\n<p><span style=\"color: #333333;\">El <strong><em>Seminario de Especializaci\u00f3n en Arquitectura<\/em><\/strong> se llevar\u00e1 a cabo en la Universidad de Navarra en Madrid, Espa\u00f1a. Esta actividad acad\u00e9mica se realizar\u00e1 el <em><strong>d\u00eda 19 de\u00a0Julio a las 9:00 am<\/strong> hora local Madrid, en la sede de posgrado de la Universidad de Navarra C\/Marquesado de Santa Marta 3 28027 Madrid<\/em>. <\/span><span style=\"color: #333333;\">El seminario tendr\u00e1 un cupo m\u00e1ximo para <em>140 estudiantes<\/em><\/span><span style=\"color: #333333;\">. <\/span><\/p>\n<p><span style=\"color: #333333;\">Los estudiantes deber\u00e1n inscribirse completando el formulario. Los resultados del sorteo de cupos ser\u00e1n publicados a la brevedad.<\/span><\/p>\n<p>[\/et_pb_text][et_pb_blurb url=&#8221;https:\/\/www.unav.edu\/&#8221; image=&#8221;https:\/\/plexo.edu.uy\/wp-content\/uploads\/2023\/06\/Marca-Universidad-de-Navarra_200__rojo.png&#8221; content_max_width=&#8221;375px&#8221; _builder_version=&#8221;4.21.0&#8243; _module_preset=&#8221;default&#8221; global_colors_info=&#8221;{}&#8221;][\/et_pb_blurb][\/et_pb_column][\/et_pb_row][et_pb_row _builder_version=&#8221;4.21.0&#8243; _module_preset=&#8221;default&#8221; global_colors_info=&#8221;{}&#8221;][et_pb_column type=&#8221;4_4&#8243; _builder_version=&#8221;4.21.0&#8243; _module_preset=&#8221;default&#8221; global_colors_info=&#8221;{}&#8221;][et_pb_text _builder_version=&#8221;4.21.0&#8243; _module_preset=&#8221;default&#8221; text_orientation=&#8221;center&#8221; global_colors_info=&#8221;{}&#8221;]<\/p>\n<h3><strong>Cronograma<\/strong><\/h3>\n<p>9.00 Presentaci\u00f3n de la Jornada<br \/><em>\u00c1lvaro Claver\u00eda<\/em><br \/>Program Manager Universidad de Navarra<\/p>\n<p>9.15 How to identify development opportunities in housing markets<br \/><em>Samuel Azasu.<\/em><br \/>Director del M\u00e1ster en Real Estate.<\/p>\n<p>10.00 Arquitectura &amp; Sostenibilidad<br \/><em>Purificaci\u00f3n Gonzalez.<\/em><br \/>Directora del M\u00e1ster en Dise\u00f1o y Gesti\u00f3n Ambiental de Edificios.<\/p>\n<p>11.00 Pausa<\/p>\n<p>11.30 Biofilia, Neuroarquitectura y Domesticidad<br \/><em>Mayka Garc\u00eda H\u00edpola.<\/em><br \/>Profesora Titular de Proyectos Universidad de Navarra.<\/p>\n<p>12.30 Cr\u00edtica de Choque<br \/><em>Fredy Massad.<\/em><br \/>Profesor Asociado de la Universidad de Navarra.<br \/>Cr\u00edtico de Arquitectura Diario ABC<\/p>\n<p>14.00 Fin de la Jornada<\/p>\n<p>[\/et_pb_text][\/et_pb_column][\/et_pb_row][\/et_pb_section]<\/p>\n","protected":false},"excerpt":{"rendered":"<p>Actividad acad\u00e9mica para el grupo de viaje. Seminario &#8220;Especializaci\u00f3n en Arquitectura&#8221; en la Universidad de Navarra, Madrid, Espa\u00f1a.<\/p>\n","protected":false},"author":3,"featured_media":11226,"comment_status":"open","ping_status":"open","sticky":false,"template":"","format":"standard","meta":{"_et_pb_use_builder":"on","_et_pb_old_content":"","_et_gb_content_width":"","footnotes":""},"categories":[13],"tags":[],"class_list":["post-11202","post","type-post","status-publish","format-standard","has-post-thumbnail","hentry","category-actividades-con-cupo"],"_links":{"self":[{"href":"https:\/\/plexo.edu.uy\/index.php\/wp-json\/wp\/v2\/posts\/11202","targetHints":{"allow":["GET"]}}],"collection":[{"href":"https:\/\/plexo.edu.uy\/index.php\/wp-json\/wp\/v2\/posts"}],"about":[{"href":"https:\/\/plexo.edu.uy\/index.php\/wp-json\/wp\/v2\/types\/post"}],"author":[{"embeddable":true,"href":"https:\/\/plexo.edu.uy\/index.php\/wp-json\/wp\/v2\/users\/3"}],"replies":[{"embeddable":true,"href":"https:\/\/plexo.edu.uy\/index.php\/wp-json\/wp\/v2\/comments?post=11202"}],"version-history":[{"count":0,"href":"https:\/\/plexo.edu.uy\/index.php\/wp-json\/wp\/v2\/posts\/11202\/revisions"}],"wp:featuredmedia":[{"embeddable":true,"href":"https:\/\/plexo.edu.uy\/index.php\/wp-json\/wp\/v2\/media\/11226"}],"wp:attachment":[{"href":"https:\/\/plexo.edu.uy\/index.php\/wp-json\/wp\/v2\/media?parent=11202"}],"wp:term":[{"taxonomy":"category","embeddable":true,"href":"https:\/\/plexo.edu.uy\/index.php\/wp-json\/wp\/v2\/categories?post=11202"},{"taxonomy":"post_tag","embeddable":true,"href":"https:\/\/plexo.edu.uy\/index.php\/wp-json\/wp\/v2\/tags?post=11202"}],"curies":[{"name":"wp","href":"https:\/\/api.w.org\/{rel}","templated":true}]}}