{"id":11292,"date":"2023-07-08T15:47:40","date_gmt":"2023-07-08T15:47:40","guid":{"rendered":"https:\/\/plexo.edu.uy\/?p=11292"},"modified":"2026-01-30T14:18:37","modified_gmt":"2026-01-30T14:18:37","slug":"tutores-curricularizacion","status":"publish","type":"post","link":"https:\/\/plexo.edu.uy\/index.php\/2023\/07\/08\/tutores-curricularizacion\/","title":{"rendered":"Tutores Curricularizaci\u00f3n"},"content":{"rendered":"<p>[et_pb_section fb_built=&#8221;1&#8243; _builder_version=&#8221;4.21.0&#8243; _module_preset=&#8221;default&#8221; global_colors_info=&#8221;{}&#8221;][et_pb_row module_class=&#8221; et_pb_row_fullwidth&#8221; _builder_version=&#8221;4.16&#8243; width_last_edited=&#8221;off|tablet&#8221; max_width=&#8221;100%&#8221; max_width_tablet=&#8221;&#8221; max_width_phone=&#8221;&#8221; max_width_last_edited=&#8221;on|desktop&#8221; custom_padding=&#8221;||||false|false&#8221; make_fullwidth=&#8221;on&#8221; global_colors_info=&#8221;{}&#8221;][et_pb_column type=&#8221;4_4&#8243; _builder_version=&#8221;4.16&#8243; custom_padding=&#8221;||||false|false&#8221; global_colors_info=&#8221;{}&#8221; custom_padding__hover=&#8221;|||&#8221;][et_pb_text admin_label=&#8221;Texto&#8221; _builder_version=&#8221;4.21.0&#8243; _module_preset=&#8221;5ac73559-1b47-46c3-a72e-fccb043a34d8&#8243; text_font=&#8221;||||&#8221; text_text_color=&#8221;#1a1a1a&#8221; header_font=&#8221;||||||||&#8221; header_text_align=&#8221;left&#8221; header_font_size=&#8221;35px&#8221; header_line_height=&#8221;1.3em&#8221; custom_margin=&#8221;|||&#8221; custom_padding=&#8221;|||&#8221; animation_style=&#8221;slide&#8221; animation_direction=&#8221;top&#8221; animation_intensity_slide=&#8221;10%&#8221; header_font_size_tablet=&#8221;55px&#8221; header_font_size_phone=&#8221;40px&#8221; header_font_size_last_edited=&#8221;on|phone&#8221; locked=&#8221;off&#8221; global_colors_info=&#8221;{}&#8221;]<\/p>\n<h1>Tutores asignados Curricularizaci\u00f3n<\/h1>\n<p>[\/et_pb_text][et_pb_divider color=&#8221;#dd763b&#8221; divider_position=&#8221;center&#8221; divider_weight=&#8221;5px&#8221; disabled_on=&#8221;off|off|off&#8221; admin_label=&#8221;Separador&#8221; _builder_version=&#8221;4.17.4&#8243; max_width=&#8221;150px&#8221; height=&#8221;false&#8221; custom_margin=&#8221;||||false|false&#8221; animation_style=&#8221;slide&#8221; animation_direction=&#8221;top&#8221; animation_delay=&#8221;100ms&#8221; animation_intensity_slide=&#8221;10%&#8221; locked=&#8221;off&#8221; global_colors_info=&#8221;{}&#8221;][\/et_pb_divider][\/et_pb_column][\/et_pb_row][et_pb_row _builder_version=&#8221;4.21.0&#8243; _module_preset=&#8221;default&#8221; global_colors_info=&#8221;{}&#8221;][et_pb_column type=&#8221;4_4&#8243; _builder_version=&#8221;4.21.0&#8243; _module_preset=&#8221;default&#8221; global_colors_info=&#8221;{}&#8221;][et_pb_text disabled_on=&#8221;off|off|off&#8221; _builder_version=&#8221;4.21.0&#8243; _module_preset=&#8221;default&#8221; global_colors_info=&#8221;{}&#8221;]<\/p>\n<table dir=\"ltr\" style=\"height: 1368px;\" border=\"1\" cellspacing=\"0\" cellpadding=\"0\">\n<colgroup>\n<col width=\"41\" \/>\n<col width=\"791\" \/>\n<col width=\"353\" \/><\/colgroup>\n<tbody>\n<tr style=\"height: 23px;\">\n<td style=\"height: 23px; width: 723.25px;\" colspan=\"2\" rowspan=\"1\" data-sheets-value=\"{&quot;1&quot;:2,&quot;2&quot;:&quot;ESTUDIANTE \/ TEMA&quot;}\"><strong>ESTUDIANTE \/ TEMA<\/strong><\/td>\n<td style=\"height: 23px; width: 307.75px;\" data-sheets-value=\"{&quot;1&quot;:2,&quot;2&quot;:&quot;TUTOR\/A&quot;}\"><strong>TUTOR\/A<\/strong><\/td>\n<\/tr>\n<tr style=\"height: 23px;\">\n<td style=\"height: 23px; width: 35.875px;\">\u00a0<\/td>\n<td style=\"height: 23px; width: 685.375px;\">\u00a0<\/td>\n<td style=\"height: 23px; width: 307.75px;\">\u00a0<\/td>\n<\/tr>\n<tr style=\"height: 47px;\">\n<td style=\"height: 47px; width: 35.875px;\" data-sheets-value=\"{&quot;1&quot;:2,&quot;2&quot;:&quot;1.&quot;}\">1.<\/td>\n<td style=\"height: 47px; width: 685.375px;\" data-sheets-value=\"{&quot;1&quot;:2,&quot;2&quot;:&quot;Federico Fag\u00fandez S\u00e1nchez &quot;}\">Federico Fag\u00fandez S\u00e1nchez<\/td>\n<td style=\"height: 47px; width: 307.75px;\" data-sheets-value=\"{&quot;1&quot;:2,&quot;2&quot;:&quot;CECILIA AMEIJENDA + FERNANDO GARCIA AMEN&quot;}\">CECILIA AMEIJENDA + FERNANDO GARCIA AMEN<\/td>\n<\/tr>\n<tr style=\"height: 47px;\">\n<td style=\"height: 47px; width: 35.875px;\" data-sheets-value=\"{&quot;1&quot;:2,&quot;2&quot;:&quot;SINTO\u00cdSMO Y EL PROYECTO ARQUITECTONICO (pidio cambiar de tema, entrega nuevo abstract)&quot;}\">\u00a0<\/td>\n<td style=\"height: 47px; width: 685.375px;\">SINTO\u00cdSMO Y EL PROYECTO ARQUITECTONICO<\/td>\n<td style=\"height: 47px; width: 307.75px;\">\u00a0<\/td>\n<\/tr>\n<tr style=\"height: 10px;\">\n<td style=\"height: 10px; width: 35.875px;\">\u00a0<\/td>\n<td style=\"height: 10px; width: 685.375px;\">\u00a0<\/td>\n<td style=\"height: 10px; width: 307.75px;\">\u00a0<\/td>\n<\/tr>\n<tr style=\"height: 23px;\">\n<td style=\"height: 23px; width: 35.875px;\" data-sheets-value=\"{&quot;1&quot;:2,&quot;2&quot;:&quot;2.&quot;}\">2.<\/td>\n<td style=\"height: 23px; width: 685.375px;\" data-sheets-value=\"{&quot;1&quot;:2,&quot;2&quot;:&quot;Juan Pablo Puletto&quot;}\">Juan Pablo Puletto<\/td>\n<td style=\"height: 23px; width: 307.75px;\" data-sheets-value=\"{&quot;1&quot;:2,&quot;2&quot;:&quot;JUAN PABLO PORTILLO&quot;}\">JUAN PABLO PORTILLO + HELENA RINALDI<\/td>\n<\/tr>\n<tr style=\"height: 48px;\">\n<td style=\"height: 48px; width: 35.875px;\" data-sheets-value=\"{&quot;1&quot;:2,&quot;2&quot;:&quot;C\u00d3MO LA TECNOLOG\u00cdA DEMOCRATIZ\u00d3 LA MADERA&quot;}\">\u00a0<\/td>\n<td style=\"height: 48px; width: 685.375px;\">C\u00d3MO LA TECNOLOG\u00cdA DEMOCRATIZ\u00d3 LA MADERA<\/td>\n<td style=\"height: 48px; width: 307.75px;\">\u00a0<\/td>\n<\/tr>\n<tr style=\"height: 23px;\">\n<td style=\"height: 23px; width: 35.875px;\">\u00a0<\/td>\n<td style=\"height: 23px; width: 685.375px;\">\u00a0<\/td>\n<td style=\"height: 23px; width: 307.75px;\">\u00a0<\/td>\n<\/tr>\n<tr style=\"height: 23px;\">\n<td style=\"height: 23px; width: 35.875px;\" data-sheets-value=\"{&quot;1&quot;:2,&quot;2&quot;:&quot;3.&quot;}\">3.<\/td>\n<td style=\"height: 23px; width: 685.375px;\" data-sheets-value=\"{&quot;1&quot;:2,&quot;2&quot;:&quot;Arturo Garracini&quot;}\">Arturo Garracini<\/td>\n<td style=\"height: 23px; width: 307.75px;\" data-sheets-value=\"{&quot;1&quot;:2,&quot;2&quot;:&quot;ALBERTO DE AUSTRIA&quot;}\">ALBERTO DE AUSTRIA<\/td>\n<\/tr>\n<tr style=\"height: 67px;\">\n<td style=\"height: 67px; width: 35.875px;\" data-sheets-value=\"{&quot;1&quot;:2,&quot;2&quot;:&quot;ARQUITECTURA DEL NUNCA M\u00c1S: EL MEMORIAL COMO CONSTRUCCI\u00d3N DE MEMORIA COLECTIVA &quot;}\">\u00a0<\/td>\n<td style=\"height: 67px; width: 685.375px;\">ARQUITECTURA DEL NUNCA M\u00c1S: EL MEMORIAL COMO CONSTRUCCI\u00d3N DE MEMORIA COLECTIVA<\/td>\n<td style=\"height: 67px; width: 307.75px;\">\u00a0<\/td>\n<\/tr>\n<tr style=\"height: 23px;\">\n<td style=\"height: 23px; width: 35.875px;\">\u00a0<\/td>\n<td style=\"height: 23px; width: 685.375px;\">\u00a0<\/td>\n<td style=\"height: 23px; width: 307.75px;\">\u00a0<\/td>\n<\/tr>\n<tr style=\"height: 47px;\">\n<td style=\"height: 47px; width: 35.875px;\" data-sheets-value=\"{&quot;1&quot;:2,&quot;2&quot;:&quot;4.&quot;}\">4.<\/td>\n<td style=\"height: 47px; width: 685.375px;\" data-sheets-value=\"{&quot;1&quot;:2,&quot;2&quot;:&quot;Valentina Prieto&quot;}\">Valentina Prieto<\/td>\n<td style=\"height: 47px; width: 307.75px;\" data-sheets-value=\"{&quot;1&quot;:2,&quot;2&quot;:&quot;JIMENA ABRAHAM VIERA + FERNANDO GARCIA AMEN&quot;}\">\n<div>\n<div>JIMENA ABRAHAM VIERA + FERNANDO GARCIA AMEN<\/div>\n<\/div>\n<\/td>\n<\/tr>\n<tr style=\"height: 55px;\">\n<td style=\"height: 55px; width: 35.875px;\" data-sheets-value=\"{&quot;1&quot;:2,&quot;2&quot;:&quot;ENTORNOS DE MOVILIDAD PEATONAL: UNA REVISI\u00d3N DE ENFOQUES, FACTORES Y CONDICIONANTES&quot;}\">\u00a0<\/td>\n<td style=\"height: 55px; width: 685.375px;\">ENTORNOS DE MOVILIDAD PEATONAL: UNA REVISI\u00d3N DE ENFOQUES, FACTORES Y CONDICIONANTES<\/td>\n<td style=\"height: 55px; width: 307.75px;\">\u00a0<\/td>\n<\/tr>\n<tr style=\"height: 23px;\">\n<td style=\"height: 23px; width: 35.875px;\">\u00a0<\/td>\n<td style=\"height: 23px; width: 685.375px;\">\u00a0<\/td>\n<td style=\"height: 23px; width: 307.75px;\">\u00a0<\/td>\n<\/tr>\n<tr style=\"height: 47px;\">\n<td style=\"height: 47px; width: 35.875px;\" data-sheets-value=\"{&quot;1&quot;:2,&quot;2&quot;:&quot;5.&quot;}\">5.<\/td>\n<td style=\"height: 47px; width: 685.375px;\" data-sheets-value=\"{&quot;1&quot;:2,&quot;2&quot;:&quot;Carol Boam&quot;}\">Carol Boam<\/td>\n<td style=\"height: 47px; width: 307.75px;\" data-sheets-value=\"{&quot;1&quot;:2,&quot;2&quot;:&quot;JIMENA ABRAHAM VIERA + NATHALIA BICHINHO&quot;}\">JIMENA ABRAHAM VIERA + NATHALIA BICHINHO<\/td>\n<\/tr>\n<tr style=\"height: 47px;\">\n<td style=\"height: 47px; width: 35.875px;\" data-sheets-value=\"{&quot;1&quot;:2,&quot;2&quot;:&quot;FEMINISMO(S) E INFLEXIONES PROYECTUALES&quot;}\">\u00a0<\/td>\n<td style=\"height: 47px; width: 685.375px;\">FEMINISMO(S) E INFLEXIONES PROYECTUALES<\/td>\n<td style=\"height: 47px; width: 307.75px;\">\u00a0<\/td>\n<\/tr>\n<tr style=\"height: 23px;\">\n<td style=\"height: 23px; width: 35.875px;\">\u00a0<\/td>\n<td style=\"height: 23px; width: 685.375px;\">\u00a0<\/td>\n<td style=\"height: 23px; width: 307.75px;\">\u00a0<\/td>\n<\/tr>\n<tr style=\"height: 23px;\">\n<td style=\"height: 23px; width: 35.875px;\" data-sheets-value=\"{&quot;1&quot;:2,&quot;2&quot;:&quot;6.&quot;}\">6.<\/td>\n<td style=\"height: 23px; width: 685.375px;\" data-sheets-value=\"{&quot;1&quot;:2,&quot;2&quot;:&quot;Ivana Machado&quot;}\">Ivana Machado<\/td>\n<td style=\"height: 23px; width: 307.75px;\" data-sheets-value=\"{&quot;1&quot;:2,&quot;2&quot;:&quot;\u00c1NGEL ARMAGNO&quot;}\">\u00c1NGEL ARMAGNO<\/td>\n<\/tr>\n<tr style=\"height: 46px;\">\n<td style=\"height: 46px; width: 35.875px;\" data-sheets-value=\"{&quot;1&quot;:2,&quot;2&quot;:&quot;ARQUITECTURA GERONTOL\u00d3GICA EN ESPA\u00d1A&quot;}\">\u00a0<\/td>\n<td style=\"height: 46px; width: 685.375px;\">ARQUITECTURA GERONTOL\u00d3GICA EN ESPA\u00d1A<\/td>\n<td style=\"height: 46px; width: 307.75px;\">\u00a0<\/td>\n<\/tr>\n<tr style=\"height: 23px;\">\n<td style=\"height: 23px; width: 35.875px;\">\u00a0<\/td>\n<td style=\"height: 23px; width: 685.375px;\">\u00a0<\/td>\n<td style=\"height: 23px; width: 307.75px;\">\u00a0<\/td>\n<\/tr>\n<tr style=\"height: 23px;\">\n<td style=\"height: 23px; width: 35.875px;\" data-sheets-value=\"{&quot;1&quot;:2,&quot;2&quot;:&quot;7.&quot;}\">7.<\/td>\n<td style=\"height: 23px; width: 685.375px;\" data-sheets-value=\"{&quot;1&quot;:2,&quot;2&quot;:&quot;Valentina Vuille&quot;}\">Valentina Vuille<\/td>\n<td style=\"height: 23px; width: 307.75px;\" data-sheets-value=\"{&quot;1&quot;:2,&quot;2&quot;:&quot;JUAN PABLO PORTILLO&quot;}\">JUAN PABLO PORTILLO<\/td>\n<\/tr>\n<tr style=\"height: 55px;\">\n<td style=\"height: 55px; width: 35.875px;\" data-sheets-value=\"{&quot;1&quot;:2,&quot;2&quot;:&quot;EL PAVIMENTO COMO ESTRUCTURADOR ESPACIAL&quot;}\">\u00a0<\/td>\n<td style=\"height: 55px; width: 685.375px;\">EL PAVIMENTO COMO ESTRUCTURADOR ESPACIAL<\/td>\n<td style=\"height: 55px; width: 307.75px;\">\u00a0<\/td>\n<\/tr>\n<tr style=\"height: 23px;\">\n<td style=\"height: 23px; width: 35.875px;\">\u00a0<\/td>\n<td style=\"height: 23px; width: 685.375px;\">\u00a0<\/td>\n<td style=\"height: 23px; width: 307.75px;\">\u00a0<\/td>\n<\/tr>\n<tr style=\"height: 47px;\">\n<td style=\"height: 47px; width: 35.875px;\" data-sheets-value=\"{&quot;1&quot;:2,&quot;2&quot;:&quot;8.&quot;}\">8.<\/td>\n<td style=\"height: 47px; width: 685.375px;\" data-sheets-value=\"{&quot;1&quot;:2,&quot;2&quot;:&quot;Magaluna Rosso Gervasini&quot;}\">Magaluna Rosso Gervasini<\/td>\n<td style=\"height: 47px; width: 307.75px;\" data-sheets-value=\"{&quot;1&quot;:2,&quot;2&quot;:&quot;NATHALIA BICHINHO + JAVIER FAG\u00daNDEZ&quot;}\">NATHALIA BICHINHO + JAVIER FAG\u00daNDEZ<\/td>\n<\/tr>\n<tr style=\"height: 53px;\">\n<td style=\"height: 53px; width: 35.875px;\" data-sheets-value=\"{&quot;1&quot;:2,&quot;2&quot;:&quot;LA VIVIENDA COLECTIVA COMO DESARROLLADOR Y POTENCIADOR DE LA CIUDAD&quot;}\">\u00a0<\/td>\n<td style=\"height: 53px; width: 685.375px;\">LA VIVIENDA COLECTIVA COMO DESARROLLADOR Y POTENCIADOR DE LA CIUDAD<\/td>\n<td style=\"height: 53px; width: 307.75px;\">\u00a0<\/td>\n<\/tr>\n<tr style=\"height: 23px;\">\n<td style=\"height: 23px; width: 35.875px;\">\u00a0<\/td>\n<td style=\"height: 23px; width: 685.375px;\">\u00a0<\/td>\n<td style=\"height: 23px; width: 307.75px;\">\u00a0<\/td>\n<\/tr>\n<tr style=\"height: 23px;\">\n<td style=\"height: 23px; width: 35.875px;\" data-sheets-value=\"{&quot;1&quot;:2,&quot;2&quot;:&quot;9.&quot;}\">9.<\/td>\n<td style=\"height: 23px; width: 685.375px;\" data-sheets-value=\"{&quot;1&quot;:2,&quot;2&quot;:&quot;Mauricio Gonz\u00e1lez&quot;}\">Mauricio Gonz\u00e1lez<\/td>\n<td style=\"height: 23px; width: 307.75px;\" data-sheets-value=\"{&quot;1&quot;:2,&quot;2&quot;:&quot;\u00c1LVARO MARQUES&quot;}\">\u00c1LVARO MARQUES + ANDRES SANT\u00cdN<\/td>\n<\/tr>\n<tr style=\"height: 44px;\">\n<td style=\"height: 44px; width: 35.875px;\" data-sheets-value=\"{&quot;1&quot;:2,&quot;2&quot;:&quot;ARMON\u00cdA, ENERG\u00cdA Y ARQUITECTURA. INVERNADEROS EN LA VIVIENDA&quot;}\">\u00a0<\/td>\n<td style=\"height: 44px; width: 685.375px;\">ARMON\u00cdA, ENERG\u00cdA Y ARQUITECTURA. INVERNADEROS EN LA VIVIENDA<\/td>\n<td style=\"height: 44px; width: 307.75px;\">\u00a0<\/td>\n<\/tr>\n<tr style=\"height: 23px;\">\n<td style=\"height: 23px; width: 35.875px;\">\u00a0<\/td>\n<td style=\"height: 23px; width: 685.375px;\">\u00a0<\/td>\n<td style=\"height: 23px; width: 307.75px;\">\u00a0<\/td>\n<\/tr>\n<tr style=\"height: 23px;\">\n<td style=\"height: 23px; width: 35.875px;\" data-sheets-value=\"{&quot;1&quot;:2,&quot;2&quot;:&quot;10.&quot;}\">10.<\/td>\n<td style=\"height: 23px; width: 685.375px;\" data-sheets-value=\"{&quot;1&quot;:2,&quot;2&quot;:&quot;Bruno Dutra&quot;}\">Bruno Dutra<\/td>\n<td style=\"height: 23px; width: 307.75px;\" data-sheets-value=\"{&quot;1&quot;:2,&quot;2&quot;:&quot;FERNANDO GARC\u00cdA AMEN&quot;}\">FERNANDO GARC\u00cdA AMEN<\/td>\n<\/tr>\n<tr style=\"height: 63px;\">\n<td style=\"height: 63px; width: 35.875px;\" data-sheets-value=\"{&quot;1&quot;:2,&quot;2&quot;:&quot;INTERVENCIONES CONTEMPOR\u00c1NEAS EN ESPACIOS P\u00daBLICOS PATRIMONIALES EUROPEOS&quot;}\">\u00a0<\/td>\n<td style=\"height: 63px; width: 685.375px;\">INTERVENCIONES CONTEMPOR\u00c1NEAS EN ESPACIOS P\u00daBLICOS PATRIMONIALES EUROPEOS<\/td>\n<td style=\"height: 63px; width: 307.75px;\">\u00a0<\/td>\n<\/tr>\n<tr style=\"height: 23px;\">\n<td style=\"height: 23px; width: 35.875px;\">\u00a0<\/td>\n<td style=\"height: 23px; width: 685.375px;\">\u00a0<\/td>\n<td style=\"height: 23px; width: 307.75px;\">\u00a0<\/td>\n<\/tr>\n<tr style=\"height: 23px;\">\n<td style=\"height: 23px; width: 35.875px;\" data-sheets-value=\"{&quot;1&quot;:2,&quot;2&quot;:&quot;11.&quot;}\">11.<\/td>\n<td style=\"height: 23px; width: 685.375px;\" data-sheets-value=\"{&quot;1&quot;:2,&quot;2&quot;:&quot;Franco Allia&quot;}\">Franco Allia<\/td>\n<td style=\"height: 23px; width: 307.75px;\" data-sheets-value=\"{&quot;1&quot;:2,&quot;2&quot;:&quot;RA\u00daL BUZ\u00d3&quot;}\">RA\u00daL BUZ\u00d3<\/td>\n<\/tr>\n<tr style=\"height: 41px;\">\n<td style=\"height: 41px; width: 35.875px;\" data-sheets-value=\"{&quot;1&quot;:2,&quot;2&quot;:&quot;FENOMENOLOG\u00cdA DEL HOGAR. CUESTIONES DE PERCEPCI\u00d3N, MEMORIA Y ESENCIA&quot;}\">\u00a0<\/td>\n<td style=\"height: 41px; width: 685.375px;\">FENOMENOLOG\u00cdA DEL HOGAR. CUESTIONES DE PERCEPCI\u00d3N, MEMORIA Y ESENCIA<\/td>\n<td style=\"height: 41px; width: 307.75px;\">\u00a0<\/td>\n<\/tr>\n<tr style=\"height: 23px;\">\n<td style=\"height: 23px; width: 35.875px;\">\u00a0<\/td>\n<td style=\"height: 23px; width: 685.375px;\">\u00a0<\/td>\n<td style=\"height: 23px; width: 307.75px;\">\u00a0<\/td>\n<\/tr>\n<tr style=\"height: 23px;\">\n<td style=\"height: 23px; width: 35.875px;\" data-sheets-value=\"{&quot;1&quot;:2,&quot;2&quot;:&quot;12.&quot;}\">12.<\/td>\n<td style=\"height: 23px; width: 685.375px;\" data-sheets-value=\"{&quot;1&quot;:2,&quot;2&quot;:&quot;Rafael Cavaliere&quot;}\">Rafael Cavaliere<\/td>\n<td style=\"height: 23px; width: 307.75px;\" data-sheets-value=\"{&quot;1&quot;:2,&quot;2&quot;:&quot;PABLO CANEN + JAVIER FAG\u00daNDEZ&quot;}\">PABLO CANEN + JAVIER FAG\u00daNDEZ<\/td>\n<\/tr>\n<tr style=\"height: 49px;\">\n<td style=\"height: 49px; width: 35.875px;\" data-sheets-value=\"{&quot;1&quot;:2,&quot;2&quot;:&quot;AL BORDE DE LA CIUDAD, EL L\u00cdMITE P\u00daBLICO-PRIVADO COMO ACTOR POL\u00cdTICO&quot;}\">\u00a0<\/td>\n<td style=\"height: 49px; width: 685.375px;\">AL BORDE DE LA CIUDAD, EL L\u00cdMITE P\u00daBLICO-PRIVADO COMO ACTOR POL\u00cdTICO<\/td>\n<td style=\"height: 49px; width: 307.75px;\">\u00a0<\/td>\n<\/tr>\n<tr style=\"height: 23px;\">\n<td style=\"height: 23px; width: 35.875px;\">\u00a0<\/td>\n<td style=\"height: 23px; width: 685.375px;\">\u00a0<\/td>\n<td style=\"height: 23px; width: 307.75px;\">\u00a0<\/td>\n<\/tr>\n<tr style=\"height: 23px;\">\n<td style=\"height: 23px; width: 35.875px;\" data-sheets-value=\"{&quot;1&quot;:2,&quot;2&quot;:&quot;13.&quot;}\">13.<\/td>\n<td style=\"height: 23px; width: 685.375px;\" data-sheets-value=\"{&quot;1&quot;:2,&quot;2&quot;:&quot;Gabriel Ferreyra&quot;}\">Gabriel Ferreyra<\/td>\n<td style=\"height: 23px; width: 307.75px;\" data-sheets-value=\"{&quot;1&quot;:2,&quot;2&quot;:&quot;NATHALIA BICHINHO \/ CAMILO ALVAREZ&quot;}\">NATHALIA BICHINHO + CAMILO ALVAREZ<\/td>\n<\/tr>\n<tr style=\"height: 49px;\">\n<td style=\"height: 49px; width: 35.875px;\" data-sheets-value=\"{&quot;1&quot;:2,&quot;2&quot;:&quot;LAS CARACTER\u00cdSTICAS DEL H\u00c1BITAT CONTEMPOR\u00c1NEO&quot;}\">\u00a0<\/td>\n<td style=\"height: 49px; width: 685.375px;\">LAS CARACTER\u00cdSTICAS DEL H\u00c1BITAT CONTEMPOR\u00c1NEO<\/td>\n<td style=\"height: 49px; width: 307.75px;\">\u00a0<\/td>\n<\/tr>\n<\/tbody>\n<\/table>\n<p>[\/et_pb_text][\/et_pb_column][\/et_pb_row][\/et_pb_section]<\/p>\n","protected":false},"excerpt":{"rendered":"<p>Tutores asignados para la curricularaizaci\u00f3n <\/p>\n","protected":false},"author":3,"featured_media":11305,"comment_status":"closed","ping_status":"closed","sticky":false,"template":"","format":"standard","meta":{"_et_pb_use_builder":"on","_et_pb_old_content":"","_et_gb_content_width":"","footnotes":""},"categories":[12],"tags":[],"class_list":["post-11292","post","type-post","status-publish","format-standard","has-post-thumbnail","hentry","category-curricularizacion"],"_links":{"self":[{"href":"https:\/\/plexo.edu.uy\/index.php\/wp-json\/wp\/v2\/posts\/11292","targetHints":{"allow":["GET"]}}],"collection":[{"href":"https:\/\/plexo.edu.uy\/index.php\/wp-json\/wp\/v2\/posts"}],"about":[{"href":"https:\/\/plexo.edu.uy\/index.php\/wp-json\/wp\/v2\/types\/post"}],"author":[{"embeddable":true,"href":"https:\/\/plexo.edu.uy\/index.php\/wp-json\/wp\/v2\/users\/3"}],"replies":[{"embeddable":true,"href":"https:\/\/plexo.edu.uy\/index.php\/wp-json\/wp\/v2\/comments?post=11292"}],"version-history":[{"count":0,"href":"https:\/\/plexo.edu.uy\/index.php\/wp-json\/wp\/v2\/posts\/11292\/revisions"}],"wp:featuredmedia":[{"embeddable":true,"href":"https:\/\/plexo.edu.uy\/index.php\/wp-json\/wp\/v2\/media\/11305"}],"wp:attachment":[{"href":"https:\/\/plexo.edu.uy\/index.php\/wp-json\/wp\/v2\/media?parent=11292"}],"wp:term":[{"taxonomy":"category","embeddable":true,"href":"https:\/\/plexo.edu.uy\/index.php\/wp-json\/wp\/v2\/categories?post=11292"},{"taxonomy":"post_tag","embeddable":true,"href":"https:\/\/plexo.edu.uy\/index.php\/wp-json\/wp\/v2\/tags?post=11292"}],"curies":[{"name":"wp","href":"https:\/\/api.w.org\/{rel}","templated":true}]}}