{"id":11336,"date":"2023-07-12T19:28:13","date_gmt":"2023-07-12T19:28:13","guid":{"rendered":"https:\/\/plexo.edu.uy\/?p=11336"},"modified":"2026-01-30T14:18:19","modified_gmt":"2026-01-30T14:18:19","slug":"lista-de-sorteados-para-las-visitas-en-barcelona","status":"publish","type":"post","link":"https:\/\/plexo.edu.uy\/index.php\/2023\/07\/12\/lista-de-sorteados-para-las-visitas-en-barcelona\/","title":{"rendered":"Lista de sorteados para las visitas en Barcelona"},"content":{"rendered":"<p>[et_pb_section fb_built=&#8221;1&#8243; admin_label=&#8221;section&#8221; _builder_version=&#8221;4.16&#8243; collapsed=&#8221;on&#8221; global_colors_info=&#8221;{}&#8221;][et_pb_row _builder_version=&#8221;4.21.0&#8243; _module_preset=&#8221;default&#8221; global_colors_info=&#8221;{}&#8221;][et_pb_column type=&#8221;4_4&#8243; _builder_version=&#8221;4.21.0&#8243; _module_preset=&#8221;default&#8221; global_colors_info=&#8221;{}&#8221;][et_pb_image src=&#8221;https:\/\/plexo.edu.uy\/wp-content\/uploads\/2023\/07\/plexo-barcelona.webp&#8221; title_text=&#8221;plexo barcelona&#8221; _builder_version=&#8221;4.21.0&#8243; _module_preset=&#8221;default&#8221; hover_enabled=&#8221;0&#8243; global_colors_info=&#8221;{}&#8221; sticky_enabled=&#8221;0&#8243;][\/et_pb_image][\/et_pb_column][\/et_pb_row][et_pb_row column_structure=&#8221;1_2,1_2&#8243; admin_label=&#8221;row&#8221; _builder_version=&#8221;4.16&#8243; background_size=&#8221;initial&#8221; background_position=&#8221;top_left&#8221; background_repeat=&#8221;repeat&#8221; global_colors_info=&#8221;{}&#8221;][et_pb_column type=&#8221;1_2&#8243; _builder_version=&#8221;4.16&#8243; custom_padding=&#8221;|||&#8221; global_colors_info=&#8221;{}&#8221; custom_padding__hover=&#8221;|||&#8221;][et_pb_text _builder_version=&#8221;4.21.0&#8243; _module_preset=&#8221;default&#8221; global_colors_info=&#8221;{}&#8221;]<\/p>\n<p>VISITA JAVIER MARICAL\u00a0 <br \/><em>13 DE julio de 2023 | 10.30 hs. (25 CUPOS).<\/em><\/p>\n<blockquote>\n<p>Felipe De los Santos<br \/>Florencia Gianoli<br \/>Joaqu\u00edn Musetti<br \/>Valentina Vuille<br \/>In\u00e9s Yerle<br \/>Bruno Dutra da Silveira<br \/>Lucas Candan<br \/>Magaluna Rosso<br \/>Betina Hernandez<br \/>Vanessa Martin<br \/>martina corbo<br \/>Alejandro Carsillo<br \/>Luc\u00eda Perez Muratore<br \/>In\u00e9s Montoro<br \/>Rodrigo Iglesias<br \/>Daiana De alvarez<br \/>Victoria Feo<br \/>Federico Fagundez<br \/>Eliana Vazquez<\/p>\n<\/blockquote>\n<p>[\/et_pb_text][et_pb_text _builder_version=&#8221;4.21.0&#8243; _module_preset=&#8221;default&#8221; global_colors_info=&#8221;{}&#8221;]<\/p>\n<p>VISITA A CAN BATLL\u00d3 <br \/><em>13 DE julio de 2023 | 17.00 hs. CUPO LIBRE<\/em><\/p>\n<blockquote>\n<p>Felipe De los Santos<br \/>Mariana Pradere<br \/>Carlos Andres Padilla<br \/>Rodrigo Fern\u00e1ndez<br \/>Mateo Bardier<br \/>Carlos Andres Padilla<br \/>Florencia Gianoli<br \/>Natalia Beiro<br \/>Gaston Sellanes<br \/>Joaqu\u00edn Musetti<br \/>Franco Allia<br \/>Valentina Vuille<br \/>In\u00e9s Yerle<br \/>Bruno Dutra da Silveira<br \/>Lucas Candan<br \/>Magaluna Rosso<br \/>Betina Hernandez<br \/>Arturo Garracini<br \/>Silvina L\u00f3pez<br \/>Santiago Caballero<br \/>Juan Pablo Puletto<br \/>Vanessa Martin<br \/>Gabriel Ferreyra<br \/>Agustina Sarro<br \/>martina corbo<br \/>Alejandro Carsillo<br \/>Luc\u00eda Perez Muratore<br \/>Rodrigo Iglesias<br \/>Daiana De alvarez<br \/>Vanesa Silveira<br \/>Rafael Cavaliere<br \/>Carol Boam<br \/>Erika Alzugaray<br \/>Macarena Sale<br \/>Federico Fagundez<br \/>Sof\u00eda ferreira<br \/>Eliana Vazquez<br \/>Giovanni lombardi<br \/>Priscila Cassanello<br \/>Yazm\u00edn Delgado<br \/>Pierina Nervi<\/p>\n<\/blockquote>\n<p>[\/et_pb_text][et_pb_text _builder_version=&#8221;4.21.0&#8243; _module_preset=&#8221;default&#8221; global_colors_info=&#8221;{}&#8221;]<\/p>\n<p>VISITA EQUAL SAREE + RECORRIDA GUIADA POR LA PLA\u00c7A D&#8217;EN BAR\u00d3 <br \/><em>14 DE julio de 2023 | 11.00 hs.<\/em><\/p>\n<blockquote>\n<p>Felipe De los Santos<br \/>Rodrigo Fern\u00e1ndez<br \/>Florencia Gianoli<br \/>Joaqu\u00edn Musetti<br \/>Franco Allia<br \/>Valentina Vuille<br \/>In\u00e9s Yerle<br \/>Bruno Dutra da Silveira<br \/>Betina Hernandez<br \/>Vanessa Martin<br \/>martina corbo<br \/>Alejandro Carsillo<br \/>Luc\u00eda Perez Muratore<br \/>Daiana De alvarez<br \/>Rafael Cavaliere<br \/>Vanesa Silveira<br \/>Carol Boam<br \/>Victoria Feo<br \/>Federico Fagundez<br \/>Sof\u00eda ferreira<br \/>Priscila Cassanello<br \/>Yazm\u00edn Delgado<\/p>\n<\/blockquote>\n<p>[\/et_pb_text][\/et_pb_column][et_pb_column type=&#8221;1_2&#8243; _builder_version=&#8221;4.16&#8243; custom_padding=&#8221;|||&#8221; global_colors_info=&#8221;{}&#8221; custom_padding__hover=&#8221;|||&#8221;][et_pb_text _builder_version=&#8221;4.21.0&#8243; _module_preset=&#8221;default&#8221; global_colors_info=&#8221;{}&#8221;]<\/p>\n<p>VISITA LACOL <br \/><em>13 DE julio de 2023 | 16.00 hs. (25 CUPOS).<\/em><\/p>\n<blockquote>\n<p>Ivan Aguerrebere<br \/>Mariana Pradere<br \/>Carlos Andres Padilla<br \/>Rodrigo Fern\u00e1ndez<br \/>Mateo Bardier<br \/>Carlos Andres Padilla<br \/>Florencia Gianoli<br \/>Natalia Beiro<br \/>Gaston Sellanes<br \/>Pierina Nervi<br \/>Sof\u00eda Rolla<br \/>Franco Allia<br \/>Fabianna Mazza<br \/>In\u00e9s Yerle<br \/>Bruno Dutra da Silveira<br \/>Lucas Candan<br \/>Magaluna Rosso<br \/>Anal\u00eda Tambasco<br \/>Maria Noel Caraballo<br \/>Betina Hernandez<br \/>Mart\u00edn Bonilla<br \/>Silvina L\u00f3pez<br \/>Maria Emilia Dehl<br \/>Santiago Caballero<br \/>Juan Pablo Puletto<\/p>\n<\/blockquote>\n<p>[\/et_pb_text][et_pb_text _builder_version=&#8221;4.21.0&#8243; _module_preset=&#8221;default&#8221; global_colors_info=&#8221;{}&#8221;]<\/p>\n<p>VISITA A LA BALMA Y CHARLA CON LXS VECINXS <br \/><em>13 DE julio de 2023 | 19.00 hs. (25 CUPOS).<\/em><\/p>\n<blockquote>\n<p>Mariana Pradere<br \/>Rodrigo Fern\u00e1ndez<br \/>Florencia Gianoli<br \/>Joaqu\u00edn Musetti<br \/>Franco Allia<br \/>Valentina Vuille<br \/>In\u00e9s Yerle<br \/>Bruno Dutra da Silveira<br \/>Lucas Candan<br \/>Magaluna Rosso<br \/>Betina Hernandez<br \/>Arturo Garracini<br \/>Felipe De los Santos<br \/>Silvina L\u00f3pez<br \/>Santiago Caballero<br \/>Juan Pablo Puletto<br \/>Gabriel Ferreyra<br \/>martina corbo<br \/>Alejandro Carsillo<br \/>Luc\u00eda Perez Muratore<br \/>In\u00e9s Montoro<br \/>Sofia Salsamendi<br \/>Rodrigo Iglesias<br \/>Rafael Cavaliere<br \/>Erika Alzugaray<\/p>\n<\/blockquote>\n<p>[\/et_pb_text][\/et_pb_column][\/et_pb_row][\/et_pb_section]<\/p>\n","protected":false},"excerpt":{"rendered":"<p>VISITA JAVIER MARICAL\u00a0 13 DE julio de 2023 | 10.30 hs. (25 CUPOS). Felipe De los SantosFlorencia GianoliJoaqu\u00edn MusettiValentina VuilleIn\u00e9s YerleBruno Dutra da SilveiraLucas CandanMagaluna RossoBetina HernandezVanessa Martinmartina corboAlejandro CarsilloLuc\u00eda Perez MuratoreIn\u00e9s MontoroRodrigo IglesiasDaiana De alvarezVictoria FeoFederico FagundezEliana Vazquez VISITA A CAN BATLL\u00d3 13 DE julio de 2023 | 17.00 hs. CUPO LIBRE Felipe De [&hellip;]<\/p>\n","protected":false},"author":5,"featured_media":11343,"comment_status":"closed","ping_status":"closed","sticky":false,"template":"","format":"standard","meta":{"_et_pb_use_builder":"on","_et_pb_old_content":"","_et_gb_content_width":"","footnotes":""},"categories":[13],"tags":[],"class_list":["post-11336","post","type-post","status-publish","format-standard","has-post-thumbnail","hentry","category-actividades-con-cupo"],"_links":{"self":[{"href":"https:\/\/plexo.edu.uy\/index.php\/wp-json\/wp\/v2\/posts\/11336","targetHints":{"allow":["GET"]}}],"collection":[{"href":"https:\/\/plexo.edu.uy\/index.php\/wp-json\/wp\/v2\/posts"}],"about":[{"href":"https:\/\/plexo.edu.uy\/index.php\/wp-json\/wp\/v2\/types\/post"}],"author":[{"embeddable":true,"href":"https:\/\/plexo.edu.uy\/index.php\/wp-json\/wp\/v2\/users\/5"}],"replies":[{"embeddable":true,"href":"https:\/\/plexo.edu.uy\/index.php\/wp-json\/wp\/v2\/comments?post=11336"}],"version-history":[{"count":0,"href":"https:\/\/plexo.edu.uy\/index.php\/wp-json\/wp\/v2\/posts\/11336\/revisions"}],"wp:featuredmedia":[{"embeddable":true,"href":"https:\/\/plexo.edu.uy\/index.php\/wp-json\/wp\/v2\/media\/11343"}],"wp:attachment":[{"href":"https:\/\/plexo.edu.uy\/index.php\/wp-json\/wp\/v2\/media?parent=11336"}],"wp:term":[{"taxonomy":"category","embeddable":true,"href":"https:\/\/plexo.edu.uy\/index.php\/wp-json\/wp\/v2\/categories?post=11336"},{"taxonomy":"post_tag","embeddable":true,"href":"https:\/\/plexo.edu.uy\/index.php\/wp-json\/wp\/v2\/tags?post=11336"}],"curies":[{"name":"wp","href":"https:\/\/api.w.org\/{rel}","templated":true}]}}