{"id":14040,"date":"2026-09-03T14:43:40","date_gmt":"2026-09-03T14:43:40","guid":{"rendered":"https:\/\/plexo.edu.uy\/?p=14040"},"modified":"2026-09-03T14:43:43","modified_gmt":"2026-09-03T14:43:43","slug":"visita-a-sapienza-universita-di-roma-deriva-la-roma-casi-contemporanea","status":"publish","type":"post","link":"https:\/\/plexo.edu.uy\/index.php\/2026\/09\/03\/visita-a-sapienza-universita-di-roma-deriva-la-roma-casi-contemporanea\/","title":{"rendered":"Visita a Sapienza Universit\u00e0 di Roma + deriva \u201cLa Roma (casi) contempor\u00e1nea\u201d"},"content":{"rendered":"<p>[et_pb_section fb_built=&#8221;1&#8243; _builder_version=&#8221;4.27.7&#8243; _module_preset=&#8221;default&#8221; background_color=&#8221;rgba(0,0,0,0.44)&#8221; use_background_color_gradient=&#8221;on&#8221; background_color_gradient_stops=&#8221;rgba(255,255,255,0) 1%|#000000 84%&#8221; background_image=&#8221;https:\/\/plexo.edu.uy\/wp-content\/uploads\/2026\/09\/Sapienza_entrance_.jpg&#8221; background_blend=&#8221;overlay&#8221; collapsed=&#8221;on&#8221; global_colors_info=&#8221;{}&#8221;][et_pb_row _builder_version=&#8221;4.27.4&#8243; _module_preset=&#8221;default&#8221; max_width=&#8221;2560px&#8221; custom_margin=&#8221;75px||||false|false&#8221; custom_padding=&#8221;||0px||false|false&#8221; global_colors_info=&#8221;{}&#8221;][et_pb_column type=&#8221;4_4&#8243; _builder_version=&#8221;4.27.4&#8243; _module_preset=&#8221;default&#8221; global_colors_info=&#8221;{}&#8221;][et_pb_text _builder_version=&#8221;4.27.7&#8243; _module_preset=&#8221;default&#8221; header_font=&#8221;&#8211;et_global_body_font||||||||&#8221; header_text_align=&#8221;left&#8221; header_text_color=&#8221;#FFFFFF&#8221; header_font_size=&#8221;60px&#8221; header_2_font=&#8221;&#8211;et_global_body_font||||||||&#8221; header_2_text_color=&#8221;#FFFFFF&#8221; header_2_font_size=&#8221;24px&#8221; header_font_size_tablet=&#8221;60px&#8221; header_font_size_phone=&#8221;42px&#8221; header_font_size_last_edited=&#8221;on|desktop&#8221; global_colors_info=&#8221;{}&#8221;]<\/p>\n<h1 style=\"text-align: center;\">Visita a Sapienza Universit\u00e0 di Roma\u00a0<\/h1>\n<h2 style=\"text-align: center;\">+ deriva \u201cLa Roma (casi) contempor\u00e1nea\u201d<\/h2>\n<p>[\/et_pb_text][\/et_pb_column][\/et_pb_row][\/et_pb_section][et_pb_section fb_built=&#8221;1&#8243; admin_label=&#8221;section&#8221; _builder_version=&#8221;4.16&#8243; collapsed=&#8221;on&#8221; global_colors_info=&#8221;{}&#8221;][et_pb_row column_structure=&#8221;1_2,1_2&#8243; _builder_version=&#8221;4.27.7&#8243; _module_preset=&#8221;default&#8221; global_colors_info=&#8221;{}&#8221;][et_pb_column type=&#8221;1_2&#8243; _builder_version=&#8221;4.27.7&#8243; _module_preset=&#8221;default&#8221; global_colors_info=&#8221;{}&#8221;][et_pb_text _builder_version=&#8221;4.27.7&#8243; _module_preset=&#8221;default&#8221; header_3_font=&#8221;&#8211;et_global_body_font|700|||||||&#8221; global_colors_info=&#8221;{}&#8221;]<\/p>\n<h3>Visita a Sapienza Universit\u00e0 di Roma + deriva \u201cLa Roma (casi) contempor\u00e1nea\u201d<\/h3>\n<p><strong><span class=\"emoji x1rg5ohu xxymvpz x19la9d6 x1fc57z9 x6ikm8r x10wlt62 x19co3pv x11tp94h xw4jnvo x1qx5ct2 xfibh0p xiy17q3 x1xsqp64 x1lkfr7t xexx8yu xyri2b x18d9i69 x1c1uobl\"><span class=\"xy9tlov x1bhl96m\">\ud83d\uddd3\ufe0f <\/span><\/span>Lunes 7 de setiembre \u00b7 16:00 hs.<\/strong><\/p>\n<p>Nos acompa\u00f1a Mario Cerasoli, profesor de Urbanismo de Sapienza Universit\u00e0 di Roma, quien ya nos ha recibido en otras ediciones del viaje. Con esta visita cerramos el abordaje de las diversas Romas que presentamos en nuestras charlas y derivas, con una \u00faltima mirada, en clave contempor\u00e1nea, a la ciudad a partir de una selecci\u00f3n de obras.<\/p>\n<p><span class=\"emoji x1rg5ohu xxymvpz x19la9d6 x1fc57z9 x6ikm8r x10wlt62 x19co3pv x11tp94h xw4jnvo x1qx5ct2 xfibh0p xiy17q3 x1xsqp64 x1lkfr7t xexx8yu xyri2b x18d9i69 x1c1uobl\"><span class=\"xy9tlov x1bhl96m\">\ud83d\udc64 <\/span><\/span>Actividad sin l\u00edmite de cupos.<br \/><span class=\"emoji x1rg5ohu xxymvpz x19la9d6 x1fc57z9 x6ikm8r x10wlt62 x19co3pv x11tp94h xw4jnvo x1qx5ct2 xfibh0p xiy17q3 x1xsqp64 x1lkfr7t xexx8yu xyri2b x18d9i69 x1c1uobl\"><span class=\"xy9tlov x1bhl96m\">\ud83d\udccd <\/span><\/span>Piazzale Aldo Moro 5, 00185 Roma<\/p>\n<p>[\/et_pb_text][dipl_button inline_buttons=&#8221;on&#8221; buttons_alignment=&#8221;left&#8221; buttons_alignment_tablet=&#8221;left&#8221; buttons_alignment_phone=&#8221;center&#8221; buttons_alignment_last_edited=&#8221;on|phone&#8221; disabled_on=&#8221;off|off|off&#8221; _builder_version=&#8221;4.27.7&#8243; _module_preset=&#8221;default&#8221; custom_padding=&#8221;||||false|false&#8221; global_colors_info=&#8221;{}&#8221;][dipl_button_item button_text=&#8221;Visitar sitio web&#8221; button_url=&#8221;https:\/\/www.uniroma1.it\/it\/&#8221; button_bg_color=&#8221;#e44b5b&#8221; button_custom_margin=&#8221;||16px||false|false&#8221; button_custom_padding=&#8221;8px|42px|8px|42px|true|true&#8221; _builder_version=&#8221;4.27.7&#8243; _module_preset=&#8221;default&#8221; button_text_color=&#8221;#FFFFFF&#8221; button_font_size=&#8221;16px&#8221; border_radii=&#8221;on|24px|24px|24px|24px&#8221; border_color_all=&#8221;#e44b5b&#8221; global_colors_info=&#8221;{}&#8221;][\/dipl_button_item][\/dipl_button][\/et_pb_column][et_pb_column type=&#8221;1_2&#8243; _builder_version=&#8221;4.27.7&#8243; _module_preset=&#8221;default&#8221; global_colors_info=&#8221;{}&#8221;][et_pb_image src=&#8221;https:\/\/plexo.edu.uy\/wp-content\/uploads\/2026\/09\/Universita-la-sapienza-Roma-1200&#215;675-1.avif&#8221; title_text=&#8221;Universita-la-sapienza-Roma-1200&#215;675&#8243; _builder_version=&#8221;4.27.7&#8243; _module_preset=&#8221;default&#8221; global_colors_info=&#8221;{}&#8221;][\/et_pb_image][\/et_pb_column][\/et_pb_row][et_pb_row disabled_on=&#8221;off|off|off&#8221; _builder_version=&#8221;4.27.7&#8243; _module_preset=&#8221;default&#8221; global_colors_info=&#8221;{}&#8221;][et_pb_column type=&#8221;4_4&#8243; _builder_version=&#8221;4.27.7&#8243; _module_preset=&#8221;default&#8221; global_colors_info=&#8221;{}&#8221;][et_pb_divider _builder_version=&#8221;4.27.7&#8243; _module_preset=&#8221;default&#8221; global_colors_info=&#8221;{}&#8221;][\/et_pb_divider][et_pb_text _builder_version=&#8221;4.27.7&#8243; _module_preset=&#8221;default&#8221; global_colors_info=&#8221;{}&#8221;]<\/p>\n<div class=\"et_pb_module et_pb_text et_pb_text_2  et_pb_text_align_left et_pb_bg_layout_light\">\n<div class=\"et_pb_text_inner\">\n<p style=\"text-align: center;\" data-start=\"351\" data-end=\"701\">Les solicitamos confirmen asistencia a trav\u00e9s del siguiente formulario.<\/p>\n<p style=\"text-align: center;\" data-start=\"351\" data-end=\"701\"><strong>Fecha l\u00edmite para confirmar asistencia: 6 de setiembre<\/strong><\/p>\n<\/div>\n<\/div>\n<p>[\/et_pb_text][dipl_button buttons_alignment=&#8221;center&#8221; disabled_on=&#8221;off|off|off&#8221; _builder_version=&#8221;4.27.7&#8243; _module_preset=&#8221;default&#8221; global_colors_info=&#8221;{}&#8221;][dipl_button_item button_text=&#8221;Completar formulario&#8221; button_url=&#8221;https:\/\/forms.gle\/GvREtpfeZtWjsP1EA&#8221; button_bg_color=&#8221;#e44b5b&#8221; button_custom_padding=&#8221;|24px||24px|false|true&#8221; _builder_version=&#8221;4.27.7&#8243; _module_preset=&#8221;default&#8221; button_text_color=&#8221;#FFFFFF&#8221; border_radii=&#8221;on|24px|24px|24px|24px&#8221; global_colors_info=&#8221;{}&#8221;][\/dipl_button_item][\/dipl_button][\/et_pb_column][\/et_pb_row][\/et_pb_section]<\/p>\n","protected":false},"excerpt":{"rendered":"<p>Visita a Sapienza Universit\u00e0 di Roma\u00a0 + deriva \u201cLa Roma (casi) contempor\u00e1nea\u201dVisita a Sapienza Universit\u00e0 di Roma + deriva \u201cLa Roma (casi) contempor\u00e1nea\u201d \ud83d\uddd3\ufe0f Lunes 7 de setiembre \u00b7 16:00 hs. Nos acompa\u00f1a Mario Cerasoli, profesor de Urbanismo de Sapienza Universit\u00e0 di Roma, quien ya nos ha recibido en otras ediciones del viaje. Con esta [&hellip;]<\/p>\n","protected":false},"author":5,"featured_media":14044,"comment_status":"open","ping_status":"open","sticky":false,"template":"","format":"standard","meta":{"_et_pb_use_builder":"on","_et_pb_old_content":"","_et_gb_content_width":"","footnotes":""},"categories":[42],"tags":[],"class_list":["post-14040","post","type-post","status-publish","format-standard","has-post-thumbnail","hentry","category-novedades-2026"],"_links":{"self":[{"href":"https:\/\/plexo.edu.uy\/index.php\/wp-json\/wp\/v2\/posts\/14040","targetHints":{"allow":["GET"]}}],"collection":[{"href":"https:\/\/plexo.edu.uy\/index.php\/wp-json\/wp\/v2\/posts"}],"about":[{"href":"https:\/\/plexo.edu.uy\/index.php\/wp-json\/wp\/v2\/types\/post"}],"author":[{"embeddable":true,"href":"https:\/\/plexo.edu.uy\/index.php\/wp-json\/wp\/v2\/users\/5"}],"replies":[{"embeddable":true,"href":"https:\/\/plexo.edu.uy\/index.php\/wp-json\/wp\/v2\/comments?post=14040"}],"version-history":[{"count":8,"href":"https:\/\/plexo.edu.uy\/index.php\/wp-json\/wp\/v2\/posts\/14040\/revisions"}],"predecessor-version":[{"id":14055,"href":"https:\/\/plexo.edu.uy\/index.php\/wp-json\/wp\/v2\/posts\/14040\/revisions\/14055"}],"wp:featuredmedia":[{"embeddable":true,"href":"https:\/\/plexo.edu.uy\/index.php\/wp-json\/wp\/v2\/media\/14044"}],"wp:attachment":[{"href":"https:\/\/plexo.edu.uy\/index.php\/wp-json\/wp\/v2\/media?parent=14040"}],"wp:term":[{"taxonomy":"category","embeddable":true,"href":"https:\/\/plexo.edu.uy\/index.php\/wp-json\/wp\/v2\/categories?post=14040"},{"taxonomy":"post_tag","embeddable":true,"href":"https:\/\/plexo.edu.uy\/index.php\/wp-json\/wp\/v2\/tags?post=14040"}],"curies":[{"name":"wp","href":"https:\/\/api.w.org\/{rel}","templated":true}]}}