{"id":9255,"date":"2022-09-12T21:56:10","date_gmt":"2022-09-12T21:56:10","guid":{"rendered":"https:\/\/plexo.edu.uy\/?p=9255"},"modified":"2023-02-02T23:21:09","modified_gmt":"2023-02-02T23:21:09","slug":"eje-de-trabajo-01-convergencia-fisico-digital","status":"publish","type":"post","link":"https:\/\/plexo.edu.uy\/index.php\/2022\/09\/12\/eje-de-trabajo-01-convergencia-fisico-digital\/","title":{"rendered":"Eje de trabajo 01 | Convergencia F\u00edsico Digital"},"content":{"rendered":"<p>[et_pb_section fb_built=&#8221;1&#8243; admin_label=&#8221;Section Eje trabajo general&#8221; _builder_version=&#8221;4.18.0&#8243; _module_preset=&#8221;default&#8221; global_colors_info=&#8221;{}&#8221;][et_pb_row _builder_version=&#8221;4.18.0&#8243; _module_preset=&#8221;default&#8221; global_colors_info=&#8221;{}&#8221;][et_pb_column type=&#8221;4_4&#8243; _builder_version=&#8221;4.18.0&#8243; _module_preset=&#8221;default&#8221; global_colors_info=&#8221;{}&#8221;][et_pb_text _builder_version=&#8221;4.18.0&#8243; _module_preset=&#8221;default&#8221; text_font_size=&#8221;20px&#8221; global_colors_info=&#8221;{}&#8221;]<\/p>\n<h1>Eje de trabajo 01 | <strong>Convergencia F\u00edsico Digital<\/strong><\/h1>\n<p>[\/et_pb_text][et_pb_image src=&#8221;https:\/\/plexo.edu.uy\/wp-content\/uploads\/2022\/09\/Difusion-charlas-PLEXO-01.jpg&#8221; title_text=&#8221;Difusi\u00f3n charlas PLEXO-01&#8243; _builder_version=&#8221;4.18.0&#8243; _module_preset=&#8221;default&#8221; global_colors_info=&#8221;{}&#8221;][\/et_pb_image][et_pb_text _builder_version=&#8221;4.18.0&#8243; _module_preset=&#8221;default&#8221; global_colors_info=&#8221;{}&#8221;]<\/p>\n<h4 style=\"text-align: center;\"><strong>Futuros Posibles<\/strong><\/h4>\n<p style=\"text-align: center;\"><em>Escenarios, lecturas e interpretaciones sobre el contexto arquitect\u00f3nico global.<\/em><\/p>\n<p style=\"text-align: center;\">Sal\u00f3n de Actos FADU<\/p>\n<p style=\"text-align: center;\">Ciclo de Conferencias | Curricularizaci\u00f3n Eje de trabajo 01<\/p>\n<h2 style=\"text-align: center;\">Convergencia F\u00edsico Digital<\/h2>\n<p style=\"text-align: center;\">24\/09\/2022<\/p>\n<p style=\"text-align: center;\">10:00 a 11:30hs<\/p>\n<p style=\"text-align: center;\"><strong>Ra\u00fal Buz\u00f3<\/strong><\/p>\n<p style=\"text-align: center;\"><em>&#8220;La Revoluci\u00f3n computacional. Los diversos giros digitales en la arquitectura&#8221;.<\/em><\/p>\n<p style=\"text-align: center;\">11:30 a 13:00hs<\/p>\n<p style=\"text-align: center;\"><strong>Juan Pablo Portillo<\/strong><\/p>\n<p style=\"text-align: center;\"><em>&#8220;Relaciones entre el dise\u00f1o arquitect\u00f3nico, bio- inspirado, algor\u00edtmico y fabricaci\u00f3n digital&#8221;.<\/em><\/p>\n<p style=\"text-align: center;\">01\/10\/2022<\/p>\n<p style=\"text-align: center;\">10:00 a 11:30hs<\/p>\n<p style=\"text-align: center;\"><strong>Marcelo Payss\u00e9 \u00c1lvarez<\/strong><\/p>\n<p style=\"text-align: center;\"><em>&#8220;Archirgram \/ Archi Net. De la fugacidad m\u00f3vil a la movilidad fugaz&#8221;<\/em><\/p>\n<p style=\"text-align: center;\">11:30 a 13:00hs<\/p>\n<p style=\"text-align: center;\"><strong>Paulo Pereyra<\/strong><\/p>\n<p style=\"text-align: center;\"><em>&#8220;Tect\u00f3nicas digitales&#8221;<\/em><\/p>\n<p>&nbsp;<\/p>\n<p>[\/et_pb_text][\/et_pb_column][\/et_pb_row][\/et_pb_section]<\/p>\n","protected":false},"excerpt":{"rendered":"<p>Ciclo de Conferencias en torno a la curricularizaci\u00f3n del Viaje de Arquitectura de la generaci\u00f3n 2015. El Eje de trabajo 01, Convergencia f\u00edsico digital, contar\u00e1 con dos instancias de presentaci\u00f3n con charlas de Ra\u00fal Buz\u00f3, Juan Pablo Portillo, Marcelo Payss\u00e9 \u00c1lvarez y Paulo Pereyra.<\/p>\n","protected":false},"author":3,"featured_media":9269,"comment_status":"closed","ping_status":"open","sticky":false,"template":"","format":"standard","meta":{"_et_pb_use_builder":"on","_et_pb_old_content":"","_et_gb_content_width":"","footnotes":""},"categories":[12],"tags":[],"class_list":["post-9255","post","type-post","status-publish","format-standard","has-post-thumbnail","hentry","category-curricularizacion"],"_links":{"self":[{"href":"https:\/\/plexo.edu.uy\/index.php\/wp-json\/wp\/v2\/posts\/9255","targetHints":{"allow":["GET"]}}],"collection":[{"href":"https:\/\/plexo.edu.uy\/index.php\/wp-json\/wp\/v2\/posts"}],"about":[{"href":"https:\/\/plexo.edu.uy\/index.php\/wp-json\/wp\/v2\/types\/post"}],"author":[{"embeddable":true,"href":"https:\/\/plexo.edu.uy\/index.php\/wp-json\/wp\/v2\/users\/3"}],"replies":[{"embeddable":true,"href":"https:\/\/plexo.edu.uy\/index.php\/wp-json\/wp\/v2\/comments?post=9255"}],"version-history":[{"count":0,"href":"https:\/\/plexo.edu.uy\/index.php\/wp-json\/wp\/v2\/posts\/9255\/revisions"}],"wp:featuredmedia":[{"embeddable":true,"href":"https:\/\/plexo.edu.uy\/index.php\/wp-json\/wp\/v2\/media\/9269"}],"wp:attachment":[{"href":"https:\/\/plexo.edu.uy\/index.php\/wp-json\/wp\/v2\/media?parent=9255"}],"wp:term":[{"taxonomy":"category","embeddable":true,"href":"https:\/\/plexo.edu.uy\/index.php\/wp-json\/wp\/v2\/categories?post=9255"},{"taxonomy":"post_tag","embeddable":true,"href":"https:\/\/plexo.edu.uy\/index.php\/wp-json\/wp\/v2\/tags?post=9255"}],"curies":[{"name":"wp","href":"https:\/\/api.w.org\/{rel}","templated":true}]}}