{"id":9287,"date":"2022-09-12T00:20:55","date_gmt":"2022-09-12T00:20:55","guid":{"rendered":"https:\/\/plexo.edu.uy\/?p=9287"},"modified":"2023-02-09T13:37:48","modified_gmt":"2023-02-09T13:37:48","slug":"cronograma-de-actividades-ciclo-de-conferencias","status":"publish","type":"post","link":"https:\/\/plexo.edu.uy\/index.php\/2022\/09\/12\/cronograma-de-actividades-ciclo-de-conferencias\/","title":{"rendered":"Cronograma de actividades | Ciclo de Conferencias"},"content":{"rendered":"<p>[et_pb_section fb_built=&#8221;1&#8243; admin_label=&#8221;Section Cronograma&#8221; module_id=&#8221;novedades&#8221; _builder_version=&#8221;4.18.0&#8243; _module_preset=&#8221;default&#8221; custom_padding=&#8221;||||false|false&#8221; collapsed=&#8221;off&#8221; global_colors_info=&#8221;{}&#8221;][et_pb_row disabled_on=&#8221;on|on|off&#8221; module_id=&#8221;novedades&#8221; _builder_version=&#8221;4.18.0&#8243; _module_preset=&#8221;default&#8221; custom_padding=&#8221;|20px||1px|false|false&#8221; global_colors_info=&#8221;{}&#8221;][et_pb_column type=&#8221;4_4&#8243; _builder_version=&#8221;4.18.0&#8243; _module_preset=&#8221;default&#8221; global_colors_info=&#8221;{}&#8221;][et_pb_text disabled_on=&#8221;on|on|off&#8221; admin_label=&#8221;Text tabla desktop eje 1-3&#8243; _builder_version=&#8221;4.18.0&#8243; _module_preset=&#8221;default&#8221; text_font_size=&#8221;9px&#8221; global_colors_info=&#8221;{}&#8221;]<\/p>\n<table dir=\"ltr\" style=\"height: 559px; width: 606px;\" border=\"1\" cellspacing=\"0\" cellpadding=\"0\">\n<colgroup>\n<col width=\"71\" \/>\n<col width=\"75\" \/>\n<col width=\"72\" \/>\n<col width=\"70\" \/>\n<col width=\"70\" \/>\n<col width=\"81\" \/><\/colgroup>\n<tbody>\n<tr style=\"height: 23px;\">\n<td style=\"text-align: center; height: 23px; width: 94px;\" data-sheets-value=\"{&quot;1&quot;:2,&quot;2&quot;:&quot;10 a 13hs&quot;}\">10 a 13hs<\/td>\n<td style=\"text-align: center; height: 23px; width: 128px;\" data-sheets-value=\"{&quot;1&quot;:2,&quot;2&quot;:&quot;11 a 13hs&quot;}\">10 a 13hs<\/td>\n<td style=\"text-align: center; height: 23px; width: 105px;\" data-sheets-value=\"{&quot;1&quot;:2,&quot;2&quot;:&quot;12 a 13hs&quot;}\">10 a 13hs<\/td>\n<td style=\"text-align: center; height: 23px; width: 97px;\" data-sheets-value=\"{&quot;1&quot;:2,&quot;2&quot;:&quot;13 a 13hs&quot;}\">10 a 13hs<\/td>\n<td style=\"text-align: center; height: 23px; width: 90px;\" data-sheets-value=\"{&quot;1&quot;:2,&quot;2&quot;:&quot;14 a 13hs&quot;}\">10 a 13hs<\/td>\n<td style=\"text-align: center; height: 23px; width: 92px;\" data-sheets-value=\"{&quot;1&quot;:2,&quot;2&quot;:&quot;15 a 13hs&quot;}\">10 a 13hs<\/td>\n<\/tr>\n<tr style=\"height: 23px;\">\n<td style=\"height: 23px; width: 94px; text-align: center;\" data-sheets-value=\"{&quot;1&quot;:3,&quot;3&quot;:44828}\" data-sheets-numberformat=\"{&quot;1&quot;:5,&quot;2&quot;:&quot;d\/m\/yyyy&quot;,&quot;3&quot;:1}\">24\/9\/2022<\/td>\n<td style=\"height: 23px; width: 128px; text-align: center;\" data-sheets-value=\"{&quot;1&quot;:3,&quot;3&quot;:44835}\" data-sheets-numberformat=\"{&quot;1&quot;:5,&quot;2&quot;:&quot;d\/m\/yyyy&quot;,&quot;3&quot;:1}\">1\/10\/2022<\/td>\n<td style=\"height: 23px; width: 105px; text-align: center;\" data-sheets-value=\"{&quot;1&quot;:3,&quot;3&quot;:44849}\" data-sheets-numberformat=\"{&quot;1&quot;:5,&quot;2&quot;:&quot;d\/m\/yyyy&quot;,&quot;3&quot;:1}\">15\/10\/2022<\/td>\n<td style=\"height: 23px; width: 97px; text-align: center;\" data-sheets-value=\"{&quot;1&quot;:3,&quot;3&quot;:44856}\" data-sheets-numberformat=\"{&quot;1&quot;:5,&quot;2&quot;:&quot;d\/m\/yyyy&quot;,&quot;3&quot;:1}\">22\/10\/2022<\/td>\n<td style=\"height: 23px; width: 90px; text-align: center;\" data-sheets-value=\"{&quot;1&quot;:3,&quot;3&quot;:44863}\" data-sheets-numberformat=\"{&quot;1&quot;:5,&quot;2&quot;:&quot;d\/m\/yyyy&quot;,&quot;3&quot;:1}\">29\/10\/2022<\/td>\n<td style=\"height: 23px; width: 92px; text-align: center;\" data-sheets-value=\"{&quot;1&quot;:3,&quot;3&quot;:44870}\" data-sheets-numberformat=\"{&quot;1&quot;:5,&quot;2&quot;:&quot;d\/m\/yyyy&quot;,&quot;3&quot;:1}\">5\/11\/2022<\/td>\n<\/tr>\n<tr style=\"height: 47px;\">\n<td style=\"height: 47px; width: 222px; text-align: center;\" colspan=\"2\" data-sheets-value=\"{&quot;1&quot;:2,&quot;2&quot;:&quot;Eje 1: Convergencia f\u00edsico digital&quot;}\">\n<h6><strong>Eje 1: Convergencia f\u00edsico digital<\/strong><\/h6>\n<\/td>\n<td style=\"height: 47px; width: 202px; text-align: center;\" colspan=\"2\" data-sheets-value=\"{&quot;1&quot;:2,&quot;2&quot;:&quot;Eje 2: Discurso y poder en la arquitectura&quot;}\">\n<h6><strong>Eje 2: Discurso y poder en la arquitectura<\/strong><\/h6>\n<\/td>\n<td style=\"height: 47px; width: 182px; text-align: center;\" colspan=\"2\" data-sheets-value=\"{&quot;1&quot;:2,&quot;2&quot;:&quot;Eje 3: Habitar contempor\u00e1neo&quot;}\">\n<h6><strong>Eje 3: Habitar contempor\u00e1neo<\/strong><\/h6>\n<\/td>\n<\/tr>\n<tr style=\"height: 47px;\">\n<td style=\"height: 47px; width: 94px; text-align: center;\" data-sheets-value=\"{&quot;1&quot;:2,&quot;2&quot;:&quot;Ra\u00fal Buz\u00f3 (10.00 a 11.30)&quot;}\"><strong>Ra\u00fal Buz\u00f3<\/strong><\/td>\n<td style=\"height: 47px; width: 128px; text-align: center;\" data-sheets-value=\"{&quot;1&quot;:2,&quot;2&quot;:&quot;Marcelo Payss\u00e9 \u00c1lvarez&quot;}\"><strong>Marcelo Payss\u00e9 \u00c1lvarez<\/strong><\/td>\n<td style=\"height: 47px; width: 105px; text-align: center;\" data-sheets-value=\"{&quot;1&quot;:2,&quot;2&quot;:&quot;\u00c1ngel Armagno&quot;}\"><strong>Pablo Can\u00e9n<\/strong><\/td>\n<td style=\"height: 47px; width: 97px; text-align: center;\" data-sheets-value=\"{&quot;1&quot;:2,&quot;2&quot;:&quot;Camilo \u00c1lvarez&quot;}\"><strong>Camilo \u00c1lvarez<\/strong><\/td>\n<td style=\"height: 47px; width: 90px; text-align: center;\" data-sheets-value=\"{&quot;1&quot;:2,&quot;2&quot;:&quot;\u00c1lvaro Marques&quot;}\"><strong>\u00c1lvaro Marques<\/strong><\/td>\n<td style=\"height: 63px; width: 92px; text-align: center;\" data-sheets-value=\"{&quot;1&quot;:2,&quot;2&quot;:&quot;Andr\u00e9s Sant\u00edn&quot;}\"><strong>Andr\u00e9s Sant\u00edn<\/strong><\/td>\n<\/tr>\n<tr style=\"height: 166px;\">\n<td style=\"height: 166px; width: 94px; text-align: center;\" data-sheets-value=\"{&quot;1&quot;:2,&quot;2&quot;:&quot;La revoluci\u00f3n computacional. Los diversos Giros digitales en la arquitectura&quot;}\"><em>La revoluci\u00f3n computacional. Los diversos Giros digitales en la arquitectura<\/em><\/td>\n<td style=\"height: 166px; width: 128px; text-align: center;\" data-sheets-value=\"{&quot;1&quot;:2,&quot;2&quot;:&quot;ArchiGram\/ArchiNet. De la fugacidad m\u00f3vil a la movilidad fugaz&quot;}\"><em>ArchiGram\/ArchiNet. De la fugacidad m\u00f3vil a la movilidad fugaz<\/em><\/td>\n<td style=\"height: 166px; width: 105px; text-align: center;\" data-sheets-value=\"{&quot;1&quot;:2,&quot;2&quot;:&quot;Discurso, formas y s\u00edmbolos. La expresi\u00f3n espacial del poder&quot;}\"><em>Desacralizaci\u00f3n discursiva en 3 obras de arquitectura reciente<\/em><\/td>\n<td style=\"height: 166px; width: 97px; text-align: center;\" data-sheets-value=\"{&quot;1&quot;:2,&quot;2&quot;:&quot;Fenomenolog\u00eda y valoraci\u00f3n del Patrimonio Arquitect\u00f3nico &quot;}\"><em>Fenomenolog\u00eda y valoraci\u00f3n del Patrimonio Arquitect\u00f3nico<\/em><\/td>\n<td style=\"height: 166px; width: 90px; text-align: center;\" data-sheets-value=\"{&quot;1&quot;:2,&quot;2&quot;:&quot;XXL: Habitar la Metropolis&quot;}\"><em>XXL: Habitar la\u00a0<\/em><i>Metr\u00f3polis<\/i><\/td>\n<td style=\"height: 190px; width: 92px; text-align: center;\" data-sheets-value=\"{&quot;1&quot;:2,&quot;2&quot;:&quot;S: La transformacion de la vivienda en la ciudad consolidada &quot;}\"><em>S: La transformaci\u00f3n de la vivienda en la ciudad consolidada<\/em><\/td>\n<\/tr>\n<tr style=\"height: 118px;\">\n<td style=\"height: 63px; width: 94px; text-align: center;\" data-sheets-value=\"{&quot;1&quot;:2,&quot;2&quot;:&quot;Juan Pablo Portillo (11.30 a 13.00)&quot;}\"><strong>Juan Pablo Portillo\u00a0<\/strong><\/td>\n<td style=\"height: 63px; width: 128px; text-align: center;\" data-sheets-value=\"{&quot;1&quot;:2,&quot;2&quot;:&quot;Paulo Pereyra&quot;}\"><strong>Paulo Pereyra<\/strong><\/td>\n<td style=\"height: 63px; width: 105px; text-align: center;\" data-sheets-value=\"{&quot;1&quot;:2,&quot;2&quot;:&quot;Eduardo \u00c1lvarez Pedrosian&quot;}\"><strong>\u00c1ngel Armagno Gentile<\/strong><\/td>\n<td style=\"height: 63px; width: 97px; text-align: center;\" data-sheets-value=\"{&quot;1&quot;:2,&quot;2&quot;:&quot;Nath\u00e1lia Bichinho&quot;}\"><strong>Nath\u00e1lia Bichinho<\/strong><\/td>\n<td style=\"height: 47px; width: 90px; text-align: center;\" data-sheets-value=\"{&quot;1&quot;:2,&quot;2&quot;:&quot;Cecilia Ameijenda&quot;}\"><strong>Cecilia Ameijenda<\/strong><\/td>\n<td style=\"height: 63px; width: 92px; text-align: center;\" data-sheets-value=\"{&quot;1&quot;:2,&quot;2&quot;:&quot;Andr\u00e9s Sant\u00edn&quot;}\"><strong>Markus Vogl<\/strong><\/td>\n<\/tr>\n<tr style=\"height: 190px;\">\n<td style=\"height: 190px; width: 94px; text-align: center;\" data-sheets-value=\"{&quot;1&quot;:2,&quot;2&quot;:&quot;Relaciones entre Dise\u00f1o arquitect\u00f3nico Bio-inspirado, Algor\u00edtmico y Fabricaci\u00f3n Digital&quot;}\"><em>Relaciones entre Dise\u00f1o arquitect\u00f3nico Bio-inspirado, Algor\u00edtmico y Fabricaci\u00f3n Digital<\/em><\/td>\n<td style=\"height: 190px; width: 128px; text-align: center;\" data-sheets-value=\"{&quot;1&quot;:2,&quot;2&quot;:&quot;Tect\u00f3nicas &quot;}\"><em>Tect\u00f3nicas digitales<\/em><\/td>\n<td style=\"height: 190px; width: 105px; text-align: center;\"><em>Discurso, formas y s\u00edmbolos. La expresi\u00f3n espacial del poder<\/em><\/td>\n<td style=\"height: 190px; width: 97px; text-align: center;\" data-sheets-value=\"{&quot;1&quot;:2,&quot;2&quot;:&quot;Conceptos, procesos y Realizaci\u00f3n: los valores tangibles y intangibles del Patrimonio Moderno&quot;}\"><em>Conceptos, procesos y Realizaci\u00f3n: los valores tangibles y intangibles del Patrimonio Moderno<\/em><\/td>\n<td style=\"height: 166px; width: 90px; text-align: center;\" data-sheets-value=\"{&quot;1&quot;:2,&quot;2&quot;:&quot;XS: Un relato sobre lo m\u00ednimo. El refugio en el paisaje&quot;}\"><em>XS: Un relato sobre lo m\u00ednimo. El refugio en el paisaje<\/em><\/td>\n<td style=\"height: 190px; width: 92px; text-align: center;\" data-sheets-value=\"{&quot;1&quot;:2,&quot;2&quot;:&quot;S: La transformacion de la vivienda en la ciudad consolidada &quot;}\">\n<p>L: <em>COnvivencia; COhabitaci\u00f3n; COproducci\u00f3n; COmplejidad<\/em> <strong><em>\u00a0<\/em><\/strong><\/p>\n<\/td>\n<\/tr>\n<\/tbody>\n<\/table>\n<p>[\/et_pb_text][et_pb_text disabled_on=&#8221;on|on|off&#8221; admin_label=&#8221;Text tabla desktop eje 4-6&#8243; _builder_version=&#8221;4.18.0&#8243; _module_preset=&#8221;default&#8221; text_font_size=&#8221;9px&#8221; global_colors_info=&#8221;{}&#8221;]<\/p>\n<table dir=\"ltr\" style=\"height: 559px;\" border=\"1\" cellspacing=\"0\" cellpadding=\"0\">\n<colgroup>\n<col width=\"71\" \/>\n<col width=\"75\" \/>\n<col width=\"72\" \/>\n<col width=\"70\" \/>\n<col width=\"70\" \/>\n<col width=\"81\" \/><\/colgroup>\n<tbody>\n<tr style=\"height: 23px;\">\n<td style=\"text-align: center; height: 23px; width: 94.1719px;\" data-sheets-value=\"{&quot;1&quot;:2,&quot;2&quot;:&quot;10 a 13hs&quot;}\">10 a 13hs<\/td>\n<td style=\"text-align: center; height: 23px; width: 128.359px;\" data-sheets-value=\"{&quot;1&quot;:2,&quot;2&quot;:&quot;11 a 13hs&quot;}\">10 a 13hs<\/td>\n<td style=\"text-align: center; height: 23px; width: 105px;\" data-sheets-value=\"{&quot;1&quot;:2,&quot;2&quot;:&quot;12 a 13hs&quot;}\">10 a 13hs<\/td>\n<td style=\"text-align: center; height: 23px; width: 97.2969px;\" data-sheets-value=\"{&quot;1&quot;:2,&quot;2&quot;:&quot;13 a 13hs&quot;}\">10 a 13hs<\/td>\n<td style=\"text-align: center; height: 23px; width: 90px;\" data-sheets-value=\"{&quot;1&quot;:2,&quot;2&quot;:&quot;14 a 13hs&quot;}\">10 a 13hs<\/td>\n<td style=\"text-align: center; height: 23px; width: 92.5938px;\" data-sheets-value=\"{&quot;1&quot;:2,&quot;2&quot;:&quot;15 a 13hs&quot;}\">10 a 13hs<\/td>\n<\/tr>\n<tr style=\"height: 23px;\">\n<td style=\"height: 23px; width: 94.1719px; text-align: center;\" data-sheets-value=\"{&quot;1&quot;:3,&quot;3&quot;:44828}\" data-sheets-numberformat=\"{&quot;1&quot;:5,&quot;2&quot;:&quot;d\/m\/yyyy&quot;,&quot;3&quot;:1}\">12\/11\/2022<\/td>\n<td style=\"height: 23px; width: 128.359px; text-align: center;\" data-sheets-value=\"{&quot;1&quot;:3,&quot;3&quot;:44835}\" data-sheets-numberformat=\"{&quot;1&quot;:5,&quot;2&quot;:&quot;d\/m\/yyyy&quot;,&quot;3&quot;:1}\">19\/11\/2022<\/td>\n<td style=\"height: 23px; width: 105px; text-align: center;\" data-sheets-value=\"{&quot;1&quot;:3,&quot;3&quot;:44849}\" data-sheets-numberformat=\"{&quot;1&quot;:5,&quot;2&quot;:&quot;d\/m\/yyyy&quot;,&quot;3&quot;:1}\">26\/11\/2022<\/td>\n<td style=\"height: 23px; width: 97.2969px; text-align: center;\" data-sheets-value=\"{&quot;1&quot;:3,&quot;3&quot;:44856}\" data-sheets-numberformat=\"{&quot;1&quot;:5,&quot;2&quot;:&quot;d\/m\/yyyy&quot;,&quot;3&quot;:1}\">3\/12\/2022<\/td>\n<td style=\"height: 23px; width: 90px; text-align: center;\" data-sheets-value=\"{&quot;1&quot;:3,&quot;3&quot;:44863}\" data-sheets-numberformat=\"{&quot;1&quot;:5,&quot;2&quot;:&quot;d\/m\/yyyy&quot;,&quot;3&quot;:1}\">10\/12\/2022<\/td>\n<td style=\"height: 23px; width: 92.5938px; text-align: center;\" data-sheets-value=\"{&quot;1&quot;:3,&quot;3&quot;:44870}\" data-sheets-numberformat=\"{&quot;1&quot;:5,&quot;2&quot;:&quot;d\/m\/yyyy&quot;,&quot;3&quot;:1}\">17\/12\/2022<\/td>\n<\/tr>\n<tr style=\"height: 47px;\">\n<td style=\"height: 47px; width: 224.531px; text-align: center;\" colspan=\"2\" rowspan=\"1\" data-sheets-value=\"{&quot;1&quot;:2,&quot;2&quot;:&quot;Eje 1: Convergencia f\u00edsico digital&quot;}\">\n<h6><strong>Eje 4: Geopol\u00edticas y cartograf\u00edas del poder<\/strong><\/h6>\n<\/td>\n<td style=\"height: 47px; width: 204.297px; text-align: center;\" colspan=\"2\" rowspan=\"1\" data-sheets-value=\"{&quot;1&quot;:2,&quot;2&quot;:&quot;Eje 2: Discurso y poder en la arquitectura&quot;}\">\n<h6><strong>Eje 4: Tecnopol\u00edticas<\/strong><\/h6>\n<\/td>\n<td style=\"height: 47px; width: 184.594px; text-align: center;\" colspan=\"2\" rowspan=\"1\" data-sheets-value=\"{&quot;1&quot;:2,&quot;2&quot;:&quot;Eje 3: Habitar contempor\u00e1neo&quot;}\">\n<h6><strong>Eje 6: G\u00e9nero, arquitectura, ciudades y territorios.<\/strong><\/h6>\n<\/td>\n<\/tr>\n<tr style=\"height: 47px;\">\n<td style=\"height: 47px; width: 94.1719px; text-align: center;\" data-sheets-value=\"{&quot;1&quot;:2,&quot;2&quot;:&quot;Ra\u00fal Buz\u00f3 (10.00 a 11.30)&quot;}\"><strong>Pablo Can\u00e9n<\/strong><\/td>\n<td style=\"height: 47px; width: 128.359px; text-align: center;\" data-sheets-value=\"{&quot;1&quot;:2,&quot;2&quot;:&quot;Marcelo Payss\u00e9 \u00c1lvarez&quot;}\"><b>Javier Fag\u00fandez<\/b><\/td>\n<td style=\"height: 47px; width: 105px; text-align: center;\" data-sheets-value=\"{&quot;1&quot;:2,&quot;2&quot;:&quot;\u00c1ngel Armagno&quot;}\"><strong>Fernando Garc\u00eda Amen<\/strong><\/td>\n<td style=\"height: 47px; width: 97.2969px; text-align: center;\" data-sheets-value=\"{&quot;1&quot;:2,&quot;2&quot;:&quot;Camilo \u00c1lvarez&quot;}\"><b>Alberto de Asturia<\/b><\/td>\n<td style=\"height: 47px; width: 90px; text-align: center;\" data-sheets-value=\"{&quot;1&quot;:2,&quot;2&quot;:&quot;\u00c1lvaro Marques&quot;}\"><strong>Jimena Abraham<\/strong><\/td>\n<td style=\"height: 47px; width: 92.5938px; text-align: center;\" data-sheets-value=\"{&quot;1&quot;:2,&quot;2&quot;:&quot;Cecilia Ameijenda&quot;}\"><strong>Helena Rinaldi<\/strong><\/td>\n<\/tr>\n<tr style=\"height: 166px;\">\n<td style=\"height: 166px; width: 94.1719px; text-align: center;\" data-sheets-value=\"{&quot;1&quot;:2,&quot;2&quot;:&quot;La revoluci\u00f3n computacional. Los diversos Giros digitales en la arquitectura&quot;}\"><em>Los grandes conflictos geopol\u00edticos del presente<\/em><\/td>\n<td style=\"height: 166px; width: 128.359px; text-align: center;\" data-sheets-value=\"{&quot;1&quot;:2,&quot;2&quot;:&quot;ArchiGram\/ArchiNet. De la fugacidad m\u00f3vil a la movilidad fugaz&quot;}\"><em>Los desaf\u00edos actuales de Asia Pac\u00edfico<\/em><\/td>\n<td style=\"height: 166px; width: 105px; text-align: center;\" data-sheets-value=\"{&quot;1&quot;:2,&quot;2&quot;:&quot;Discurso, formas y s\u00edmbolos. La expresi\u00f3n espacial del poder&quot;}\"><i>Filosof\u00edas para la inmortalidad.<\/i><\/td>\n<td style=\"height: 166px; width: 97.2969px; text-align: center;\" data-sheets-value=\"{&quot;1&quot;:2,&quot;2&quot;:&quot;Fenomenolog\u00eda y valoraci\u00f3n del Patrimonio Arquitect\u00f3nico &quot;}\"><i>Perspectivas hacia un mutualismo cibern\u00e9tico.<\/i><\/td>\n<td style=\"height: 166px; width: 90px; text-align: center;\" data-sheets-value=\"{&quot;1&quot;:2,&quot;2&quot;:&quot;XXL: Habitar la Metropolis&quot;}\"><i>Narrativas emergentes. Genero(s), ficciones, espacios y territorios.<\/i><\/td>\n<td style=\"height: 166px; width: 92.5938px; text-align: center;\" data-sheets-value=\"{&quot;1&quot;:2,&quot;2&quot;:&quot;XS: Un relato sobre lo m\u00ednimo. El refugio en el paisaje&quot;}\"><i>Cultura y g\u00e9nero. Reflexiones para habitar en equidad.<\/i><\/td>\n<\/tr>\n<tr style=\"height: 118px;\">\n<td style=\"height: 63px; width: 94.1719px; text-align: center;\" data-sheets-value=\"{&quot;1&quot;:2,&quot;2&quot;:&quot;Juan Pablo Portillo (11.30 a 13.00)&quot;}\"><strong>Invitado Fundaci\u00f3n Frederich Ebert\u00a0<\/strong><\/td>\n<td style=\"height: 63px; width: 128.359px; text-align: center;\" data-sheets-value=\"{&quot;1&quot;:2,&quot;2&quot;:&quot;Paulo Pereyra&quot;}\"><strong>Alberto de Asturia y Pablo Can\u00e9n<\/strong><\/td>\n<td style=\"height: 63px; width: 105px; text-align: center;\" data-sheets-value=\"{&quot;1&quot;:2,&quot;2&quot;:&quot;Eduardo \u00c1lvarez Pedrosian&quot;}\"><strong>Invitado externo<\/strong><\/td>\n<td style=\"height: 63px; width: 97.2969px; text-align: center;\" data-sheets-value=\"{&quot;1&quot;:2,&quot;2&quot;:&quot;Nath\u00e1lia Bichinho&quot;}\"><strong>Invitado externo<\/strong><\/td>\n<td style=\"height: 63px; width: 90px; text-align: center;\" data-sheets-value=\"{&quot;1&quot;:2,&quot;2&quot;:&quot;Posibles: Cristina Bausero \/ Bernardo Mart\u00edn&quot;}\"><strong>Invitado externo<\/strong><\/td>\n<td style=\"height: 63px; width: 92.5938px; text-align: center;\" data-sheets-value=\"{&quot;1&quot;:2,&quot;2&quot;:&quot;Andr\u00e9s Sant\u00edn&quot;}\"><strong>Gabriela Barber<\/strong><\/td>\n<\/tr>\n<tr style=\"height: 190px;\">\n<td style=\"height: 190px; width: 94.1719px; text-align: center;\" data-sheets-value=\"{&quot;1&quot;:2,&quot;2&quot;:&quot;Relaciones entre Dise\u00f1o arquitect\u00f3nico Bio-inspirado, Algor\u00edtmico y Fabricaci\u00f3n Digital&quot;}\"><i>Hacia d\u00f3nde van las relaciones globales<\/i><\/td>\n<td style=\"height: 190px; width: 128.359px; text-align: center;\" data-sheets-value=\"{&quot;1&quot;:2,&quot;2&quot;:&quot;Tect\u00f3nicas &quot;}\"><i>Los desaf\u00edos actuales del continente europeo<\/i><\/td>\n<td style=\"height: 190px; width: 105px; text-align: center;\">\u00a0<\/td>\n<td style=\"height: 190px; width: 97.2969px; text-align: center;\" data-sheets-value=\"{&quot;1&quot;:2,&quot;2&quot;:&quot;Conceptos, procesos y Realizaci\u00f3n: los valores tangibles y intangibles del Patrimonio Moderno&quot;}\">\u00a0<\/td>\n<td style=\"height: 190px; width: 90px; text-align: center;\" data-sheets-value=\"{&quot;1&quot;:2,&quot;2&quot;:&quot;L: Vivienda colectiva           M: Co-living&quot;}\">\u00a0<\/td>\n<td style=\"height: 190px; width: 92.5938px; text-align: center;\" data-sheets-value=\"{&quot;1&quot;:2,&quot;2&quot;:&quot;S: La transformacion de la vivienda en la ciudad consolidada &quot;}\"><i>La ciudad y el bosque como met\u00e1fora. Reflexiones sobre equidad.<\/i><\/td>\n<\/tr>\n<\/tbody>\n<\/table>\n<p>[\/et_pb_text][\/et_pb_column][\/et_pb_row][et_pb_row disabled_on=&#8221;off|off|on&#8221; _builder_version=&#8221;4.18.0&#8243; _module_preset=&#8221;default&#8221; overflow-x_tablet=&#8221;&#8221; overflow-x_phone=&#8221;&#8221; overflow-x_last_edited=&#8221;on|phone&#8221; global_colors_info=&#8221;{}&#8221;][et_pb_column type=&#8221;4_4&#8243; _builder_version=&#8221;4.18.0&#8243; _module_preset=&#8221;default&#8221; global_colors_info=&#8221;{}&#8221;][et_pb_text disabled_on=&#8221;off|off|on&#8221; admin_label=&#8221;Text tabla celu Eje 1&#8243; _builder_version=&#8221;4.18.0&#8243; _module_preset=&#8221;default&#8221; text_font_size=&#8221;8.5px&#8221; global_colors_info=&#8221;{}&#8221;]<\/p>\n<table dir=\"ltr\" border=\"1\" cellspacing=\"0\" cellpadding=\"0\">\n<colgroup>\n<col width=\"71\" \/>\n<col width=\"75\" \/><\/colgroup>\n<tbody>\n<tr>\n<td style=\"text-align: center;\" data-sheets-value=\"{&quot;1&quot;:2,&quot;2&quot;:&quot;10 a 13hs&quot;}\">10 a 13hs<\/td>\n<td style=\"text-align: center;\" data-sheets-value=\"{&quot;1&quot;:2,&quot;2&quot;:&quot;11 a 13hs&quot;}\">10 a 13hs<\/td>\n<\/tr>\n<tr>\n<td style=\"text-align: center;\" data-sheets-value=\"{&quot;1&quot;:3,&quot;3&quot;:44828}\" data-sheets-numberformat=\"{&quot;1&quot;:5,&quot;2&quot;:&quot;d\/m\/yyyy&quot;,&quot;3&quot;:1}\">24\/9\/2022<\/td>\n<td style=\"text-align: center;\" data-sheets-value=\"{&quot;1&quot;:3,&quot;3&quot;:44835}\" data-sheets-numberformat=\"{&quot;1&quot;:5,&quot;2&quot;:&quot;d\/m\/yyyy&quot;,&quot;3&quot;:1}\">1\/10\/2022<\/td>\n<\/tr>\n<tr>\n<td style=\"text-align: center;\" colspan=\"2\" rowspan=\"1\" data-sheets-value=\"{&quot;1&quot;:2,&quot;2&quot;:&quot;Eje 1: Convergencia f\u00edsico digital&quot;}\">\n<h6><strong>Eje 1: Convergencia f\u00edsico digital<\/strong><\/h6>\n<\/td>\n<\/tr>\n<tr>\n<td style=\"text-align: center;\" data-sheets-value=\"{&quot;1&quot;:2,&quot;2&quot;:&quot;Ra\u00fal Buz\u00f3 (10.00 a 11.30)&quot;}\"><strong>Ra\u00fal Buz\u00f3<\/strong><\/td>\n<td style=\"text-align: center;\" data-sheets-value=\"{&quot;1&quot;:2,&quot;2&quot;:&quot;Marcelo Payss\u00e9 \u00c1lvarez&quot;}\"><strong>Marcelo Payss\u00e9 \u00c1lvarez<\/strong><\/td>\n<\/tr>\n<tr>\n<td style=\"text-align: center;\" data-sheets-value=\"{&quot;1&quot;:2,&quot;2&quot;:&quot;La revoluci\u00f3n computacional. Los diversos Giros digitales en la arquitectura&quot;}\"><em>La revoluci\u00f3n computacional. Los diversos Giros digitales en la arquitectura<\/em><\/td>\n<td style=\"text-align: center;\" data-sheets-value=\"{&quot;1&quot;:2,&quot;2&quot;:&quot;ArchiGram\/ArchiNet. De la fugacidad m\u00f3vil a la movilidad fugaz&quot;}\"><em>ArchiGram\/ArchiNet. De la fugacidad m\u00f3vil a la movilidad fugaz<\/em><\/td>\n<\/tr>\n<tr>\n<td style=\"text-align: center;\" data-sheets-value=\"{&quot;1&quot;:2,&quot;2&quot;:&quot;Juan Pablo Portillo (11.30 a 13.00)&quot;}\"><strong>Juan<em> Pablo Portillo\u00a0<\/em><\/strong><\/td>\n<td style=\"text-align: center;\" data-sheets-value=\"{&quot;1&quot;:2,&quot;2&quot;:&quot;Paulo Pereyra&quot;}\"><strong><em>Paulo Pereyra<\/em><\/strong><\/td>\n<\/tr>\n<tr>\n<td style=\"text-align: center;\" data-sheets-value=\"{&quot;1&quot;:2,&quot;2&quot;:&quot;Relaciones entre Dise\u00f1o arquitect\u00f3nico Bio-inspirado, Algor\u00edtmico y Fabricaci\u00f3n Digital&quot;}\"><em>Relaciones entre Dise\u00f1o arquitect\u00f3nico Bio-inspirado, Algor\u00edtmico y Fabricaci\u00f3n Digital<\/em><\/td>\n<td style=\"text-align: center;\" data-sheets-value=\"{&quot;1&quot;:2,&quot;2&quot;:&quot;Tect\u00f3nicas &quot;}\"><em>Tect\u00f3nicas digitales<\/em><\/td>\n<\/tr>\n<\/tbody>\n<\/table>\n<p>[\/et_pb_text][et_pb_text disabled_on=&#8221;off|off|on&#8221; admin_label=&#8221;Text tabla celu Eje 2&#8243; _builder_version=&#8221;4.18.0&#8243; _module_preset=&#8221;default&#8221; text_font_size=&#8221;8.5px&#8221; global_colors_info=&#8221;{}&#8221;]<\/p>\n<table dir=\"ltr\" border=\"1\" cellspacing=\"0\" cellpadding=\"0\">\n<colgroup>\n<col width=\"72\" \/>\n<col width=\"70\" \/><\/colgroup>\n<tbody>\n<tr>\n<td style=\"text-align: center;\" data-sheets-value=\"{&quot;1&quot;:2,&quot;2&quot;:&quot;12 a 13hs&quot;}\">10 a 13hs<\/td>\n<td style=\"text-align: center;\" data-sheets-value=\"{&quot;1&quot;:2,&quot;2&quot;:&quot;13 a 13hs&quot;}\">10 a 13hs<\/td>\n<\/tr>\n<tr>\n<td style=\"text-align: center;\" data-sheets-value=\"{&quot;1&quot;:3,&quot;3&quot;:44849}\" data-sheets-numberformat=\"{&quot;1&quot;:5,&quot;2&quot;:&quot;d\/m\/yyyy&quot;,&quot;3&quot;:1}\">15\/10\/2022<\/td>\n<td style=\"text-align: center;\" data-sheets-value=\"{&quot;1&quot;:3,&quot;3&quot;:44856}\" data-sheets-numberformat=\"{&quot;1&quot;:5,&quot;2&quot;:&quot;d\/m\/yyyy&quot;,&quot;3&quot;:1}\">22\/10\/2022<\/td>\n<\/tr>\n<tr>\n<td style=\"text-align: center;\" colspan=\"2\" rowspan=\"1\" data-sheets-value=\"{&quot;1&quot;:2,&quot;2&quot;:&quot;Eje 2: Discurso y poder en la arquitectura&quot;}\">\n<h6><strong>Eje 2: Discurso y poder en la arquitectura<\/strong><\/h6>\n<\/td>\n<\/tr>\n<tr>\n<td style=\"text-align: center;\" data-sheets-value=\"{&quot;1&quot;:2,&quot;2&quot;:&quot;\u00c1ngel Armagno&quot;}\"><strong>Pablo Can\u00e9n<\/strong><\/td>\n<td style=\"text-align: center;\" data-sheets-value=\"{&quot;1&quot;:2,&quot;2&quot;:&quot;Camilo \u00c1lvarez&quot;}\"><strong>Camilo \u00c1lvarez<\/strong><\/td>\n<\/tr>\n<tr>\n<td style=\"text-align: center;\" data-sheets-value=\"{&quot;1&quot;:2,&quot;2&quot;:&quot;Discurso, formas y s\u00edmbolos. La expresi\u00f3n espacial del poder&quot;}\"><em>Desacralizaci\u00f3n discursiva en 3 obras de arquitectura reciente<\/em><\/td>\n<td style=\"text-align: center;\" data-sheets-value=\"{&quot;1&quot;:2,&quot;2&quot;:&quot;Fenomenolog\u00eda y valoraci\u00f3n del Patrimonio Arquitect\u00f3nico &quot;}\"><em>Fenomenolog\u00eda y valoraci\u00f3n del Patrimonio Arquitect\u00f3nico<\/em><\/td>\n<\/tr>\n<tr>\n<td style=\"text-align: center;\" data-sheets-value=\"{&quot;1&quot;:2,&quot;2&quot;:&quot;Eduardo \u00c1lvarez Pedrosian&quot;}\"><strong>\u00c1ngel Armagno Gentile<\/strong><\/td>\n<td style=\"text-align: center;\" data-sheets-value=\"{&quot;1&quot;:2,&quot;2&quot;:&quot;Nath\u00e1lia Bichinho&quot;}\"><strong>Nath\u00e1lia Bichinho<\/strong><\/td>\n<\/tr>\n<tr>\n<td style=\"text-align: center;\"><em>Discurso, formas y s\u00edmbolos. La expresi\u00f3n espacial del poder<\/em><\/td>\n<td style=\"text-align: center;\" data-sheets-value=\"{&quot;1&quot;:2,&quot;2&quot;:&quot;Conceptos, procesos y Realizaci\u00f3n: los valores tangibles y intangibles del Patrimonio Moderno&quot;}\"><em>Conceptos, procesos y Realizaci\u00f3n: los valores tangibles y intangibles del Patrimonio Moderno<\/em><\/td>\n<\/tr>\n<\/tbody>\n<\/table>\n<p>[\/et_pb_text][et_pb_text disabled_on=&#8221;off|off|on&#8221; admin_label=&#8221;Text tabla celu Eje 3&#8243; _builder_version=&#8221;4.18.0&#8243; _module_preset=&#8221;default&#8221; text_font_size=&#8221;8.5px&#8221; global_colors_info=&#8221;{}&#8221;]<\/p>\n<table dir=\"ltr\" style=\"width: 168px;\" border=\"1\" cellspacing=\"0\" cellpadding=\"0\">\n<colgroup>\n<col width=\"70\" \/>\n<col width=\"81\" \/><\/colgroup>\n<tbody>\n<tr>\n<td style=\"text-align: center; width: 70.8125px;\" data-sheets-value=\"{&quot;1&quot;:2,&quot;2&quot;:&quot;14 a 13hs&quot;}\">10 a 13hs<\/td>\n<td style=\"text-align: center; width: 101.891px;\" data-sheets-value=\"{&quot;1&quot;:2,&quot;2&quot;:&quot;15 a 13hs&quot;}\">10 a 13hs<\/td>\n<\/tr>\n<tr>\n<td style=\"text-align: center; width: 70.8125px;\" data-sheets-value=\"{&quot;1&quot;:3,&quot;3&quot;:44863}\" data-sheets-numberformat=\"{&quot;1&quot;:5,&quot;2&quot;:&quot;d\/m\/yyyy&quot;,&quot;3&quot;:1}\">29\/10\/2022<\/td>\n<td style=\"text-align: center; width: 101.891px;\" data-sheets-value=\"{&quot;1&quot;:3,&quot;3&quot;:44870}\" data-sheets-numberformat=\"{&quot;1&quot;:5,&quot;2&quot;:&quot;d\/m\/yyyy&quot;,&quot;3&quot;:1}\">5\/11\/2022<\/td>\n<\/tr>\n<tr>\n<td style=\"text-align: center; width: 174.703px;\" colspan=\"2\" data-sheets-value=\"{&quot;1&quot;:2,&quot;2&quot;:&quot;Eje 3: Habitar contempor\u00e1neo&quot;}\">\n<h6><strong>Eje 3: Habitar contempor\u00e1neo<\/strong><\/h6>\n<\/td>\n<\/tr>\n<tr>\n<td style=\"text-align: center; width: 70.8125px;\" data-sheets-value=\"{&quot;1&quot;:2,&quot;2&quot;:&quot;\u00c1lvaro Marques&quot;}\"><strong>\u00c1lvaro Marques<\/strong><\/td>\n<td style=\"text-align: center; width: 101.891px;\" data-sheets-value=\"{&quot;1&quot;:2,&quot;2&quot;:&quot;Andr\u00e9s Sant\u00edn&quot;}\"><strong>Andr\u00e9s Sant\u00edn<\/strong><\/td>\n<\/tr>\n<tr>\n<td style=\"text-align: center; width: 70.8125px;\" data-sheets-value=\"{&quot;1&quot;:2,&quot;2&quot;:&quot;XXL: Habitar la Metropolis&quot;}\"><em>XXL: Habitar la Metropolis<\/em><\/td>\n<td style=\"text-align: center; width: 101.891px;\" data-sheets-value=\"{&quot;1&quot;:2,&quot;2&quot;:&quot;S: La transformacion de la vivienda en la ciudad consolidada &quot;}\"><em>S: La transformaci\u00f3n de la vivienda en la ciudad consolidada<\/em><\/td>\n<\/tr>\n<tr>\n<td style=\"text-align: center; width: 70.8125px;\" data-sheets-value=\"{&quot;1&quot;:2,&quot;2&quot;:&quot;Cecilia Ameijenda&quot;}\"><strong>Cecilia Ameijenda<\/strong><\/td>\n<td style=\"text-align: center; width: 101.891px;\" data-sheets-value=\"{&quot;1&quot;:2,&quot;2&quot;:&quot;Andr\u00e9s Sant\u00edn&quot;}\"><strong>Markus Vogl<\/strong><\/td>\n<\/tr>\n<tr>\n<td style=\"text-align: center; width: 70.8125px;\" data-sheets-value=\"{&quot;1&quot;:2,&quot;2&quot;:&quot;XS: Un relato sobre lo m\u00ednimo. El refugio en el paisaje&quot;}\"><em>XS: Un relato sobre lo m\u00ednimo. El refugio en el paisaje<\/em><\/td>\n<td style=\"text-align: center; width: 101.891px;\" data-sheets-value=\"{&quot;1&quot;:2,&quot;2&quot;:&quot;S: La transformacion de la vivienda en la ciudad consolidada &quot;}\">\n<p>L: <em>COnvivencia; COhabitaci\u00f3n; COproducci\u00f3n; COmplejidad<\/em> <strong><em>\u00a0<\/em><\/strong><\/p>\n<\/td>\n<\/tr>\n<\/tbody>\n<\/table>\n<p>[\/et_pb_text][et_pb_text disabled_on=&#8221;off|off|on&#8221; admin_label=&#8221;Text tabla celu Eje 4&#8243; _builder_version=&#8221;4.18.0&#8243; _module_preset=&#8221;default&#8221; text_font_size=&#8221;8.5px&#8221; global_colors_info=&#8221;{}&#8221;]<\/p>\n<table dir=\"ltr\" border=\"1\" cellspacing=\"0\" cellpadding=\"0\">\n<colgroup>\n<col width=\"74\" \/>\n<col width=\"72\" \/><\/colgroup>\n<tbody>\n<tr>\n<td style=\"text-align: center;\" data-sheets-value=\"{&quot;1&quot;:2,&quot;2&quot;:&quot;16 a 13hs&quot;}\">10 a 13hs<\/td>\n<td style=\"text-align: center;\" data-sheets-value=\"{&quot;1&quot;:2,&quot;2&quot;:&quot;17 a 13hs&quot;}\">10 a 13hs<\/td>\n<\/tr>\n<tr>\n<td style=\"text-align: center;\" data-sheets-value=\"{&quot;1&quot;:3,&quot;3&quot;:44877}\" data-sheets-numberformat=\"{&quot;1&quot;:5,&quot;2&quot;:&quot;d\/m\/yyyy&quot;,&quot;3&quot;:1}\">12\/11\/2022<\/td>\n<td style=\"text-align: center;\" data-sheets-value=\"{&quot;1&quot;:3,&quot;3&quot;:44884}\" data-sheets-numberformat=\"{&quot;1&quot;:5,&quot;2&quot;:&quot;d\/m\/yyyy&quot;,&quot;3&quot;:1}\">19\/11\/2022<\/td>\n<\/tr>\n<tr>\n<td style=\"text-align: center;\" colspan=\"2\" rowspan=\"1\" data-sheets-value=\"{&quot;1&quot;:2,&quot;2&quot;:&quot;Eje 4: Geopol\u00edtica y cartograf\u00edas del poder&quot;}\">\n<h6><strong>Eje 4: Geopol\u00edtica y cartograf\u00edas del poder<\/strong><\/h6>\n<\/td>\n<\/tr>\n<tr>\n<td style=\"text-align: center;\" data-sheets-value=\"{&quot;1&quot;:2,&quot;2&quot;:&quot;Pablo Can\u00e9n&quot;}\"><strong>Pablo Can\u00e9n<\/strong><\/td>\n<td style=\"text-align: center;\" data-sheets-value=\"{&quot;1&quot;:2,&quot;2&quot;:&quot;Javier Fag\u00fandez&quot;}\"><strong>Javier Fag\u00fandez<\/strong><\/td>\n<\/tr>\n<tr>\n<td style=\"text-align: center;\" data-sheets-value=\"{&quot;1&quot;:2,&quot;2&quot;:&quot;Los grandes conflictos geopol\u00edticos del presente&quot;}\"><em>Los grandes conflictos geopol\u00edticos del presente<\/em><\/td>\n<td style=\"text-align: center;\" data-sheets-value=\"{&quot;1&quot;:2,&quot;2&quot;:&quot;Los desaf\u00edos actuales de Asia Pac\u00edfico&quot;}\"><em>Los desaf\u00edos actuales de Asia Pac\u00edfico<\/em><\/td>\n<\/tr>\n<tr>\n<td style=\"text-align: center;\" data-sheets-value=\"{&quot;1&quot;:2,&quot;2&quot;:&quot;Invitado Fundaci\u00f3n Friedrich Ebert&quot;}\"><strong>Invitado Fundaci\u00f3n Friedrich Ebert<\/strong><\/td>\n<td style=\"text-align: center;\" data-sheets-value=\"{&quot;1&quot;:2,&quot;2&quot;:&quot;Alberto de Austria \/ Pablo Can\u00e9n&quot;}\"><strong>Alberto de Austria \/ Pablo Can\u00e9n<\/strong><\/td>\n<\/tr>\n<tr>\n<td style=\"text-align: center;\" data-sheets-value=\"{&quot;1&quot;:2,&quot;2&quot;:&quot;Hacia d\u00f3nde van las relaciones globales&quot;}\"><em>Hacia d\u00f3nde van las relaciones globales<\/em><\/td>\n<td style=\"text-align: center;\" data-sheets-value=\"{&quot;1&quot;:2,&quot;2&quot;:&quot;Los desaf\u00edos actuales del continente europeo&quot;}\"><em>Los desaf\u00edos actuales del continente europeo<\/em><\/td>\n<\/tr>\n<\/tbody>\n<\/table>\n<p>[\/et_pb_text][et_pb_text disabled_on=&#8221;off|off|on&#8221; admin_label=&#8221;Text tabla celu Eje 5&#8243; _builder_version=&#8221;4.18.0&#8243; _module_preset=&#8221;default&#8221; text_font_size=&#8221;8.5px&#8221; global_colors_info=&#8221;{}&#8221;]<\/p>\n<table dir=\"ltr\" style=\"height: 305px;\" border=\"1\" cellspacing=\"0\" cellpadding=\"0\">\n<colgroup>\n<col width=\"68\" \/>\n<col width=\"67\" \/><\/colgroup>\n<tbody>\n<tr style=\"height: 23px;\">\n<td style=\"height: 23px; width: 76.2656px; text-align: center;\" data-sheets-value=\"{&quot;1&quot;:2,&quot;2&quot;:&quot;18 a 13hs&quot;}\">10 a 13hs<\/td>\n<td style=\"height: 23px; width: 80.1562px; text-align: center;\" data-sheets-value=\"{&quot;1&quot;:2,&quot;2&quot;:&quot;19 a 13hs&quot;}\">10 a 13hs<\/td>\n<\/tr>\n<tr style=\"height: 23px;\">\n<td style=\"height: 23px; width: 76.2656px; text-align: center;\" data-sheets-value=\"{&quot;1&quot;:3,&quot;3&quot;:44891}\" data-sheets-numberformat=\"{&quot;1&quot;:5,&quot;2&quot;:&quot;d\/m\/yyyy&quot;,&quot;3&quot;:1}\">26\/11\/2022<\/td>\n<td style=\"height: 23px; width: 80.1562px; text-align: center;\" data-sheets-value=\"{&quot;1&quot;:3,&quot;3&quot;:44898}\" data-sheets-numberformat=\"{&quot;1&quot;:5,&quot;2&quot;:&quot;d\/m\/yyyy&quot;,&quot;3&quot;:1}\">3\/12\/2022<\/td>\n<\/tr>\n<tr style=\"height: 23px;\">\n<td style=\"height: 23px; width: 158.422px; text-align: center;\" colspan=\"2\" rowspan=\"1\" data-sheets-value=\"{&quot;1&quot;:2,&quot;2&quot;:&quot;Eje 5: Tecnopol\u00edticas&quot;}\">\n<h6><strong>Eje 5: Tecnopol\u00edticas<\/strong><\/h6>\n<\/td>\n<\/tr>\n<tr style=\"height: 71px;\">\n<td style=\"height: 71px; width: 76.2656px; text-align: center;\" data-sheets-value=\"{&quot;1&quot;:2,&quot;2&quot;:&quot;Fernando Garc\u00eda Amen&quot;}\"><strong>Fernando Garc\u00eda Amen<\/strong><\/td>\n<td style=\"height: 71px; width: 80.1562px; text-align: center;\" data-sheets-value=\"{&quot;1&quot;:2,&quot;2&quot;:&quot;Alberto de Austria&quot;}\"><strong>Alberto de Austria<\/strong><\/td>\n<\/tr>\n<tr style=\"height: 95px;\">\n<td style=\"height: 95px; width: 76.2656px; text-align: center;\" data-sheets-value=\"{&quot;1&quot;:2,&quot;2&quot;:&quot;Filosof\u00edas para la inmortalidad&quot;}\"><em>Filosof\u00edas para la inmortalidad<\/em><\/td>\n<td style=\"height: 95px; width: 80.1562px; text-align: center;\" data-sheets-value=\"{&quot;1&quot;:2,&quot;2&quot;:&quot;Perspectivas hacia un mutualismo cibern\u00e9tico&quot;}\"><em>Perspectivas hacia un mutualismo cibern\u00e9tico<\/em><\/td>\n<\/tr>\n<tr style=\"height: 47px;\">\n<td style=\"height: 47px; width: 76.2656px; text-align: center;\" data-sheets-value=\"{&quot;1&quot;:2,&quot;2&quot;:&quot;Invitado externo&quot;}\"><strong>Invitado<em> externo<\/em><\/strong><\/td>\n<td style=\"height: 47px; width: 80.1562px; text-align: center;\" data-sheets-value=\"{&quot;1&quot;:2,&quot;2&quot;:&quot;Invitado externo&quot;}\"><strong><em>Invitado externo<\/em><\/strong><\/td>\n<\/tr>\n<tr style=\"height: 23px;\">\n<td style=\"height: 23px; width: 76.2656px;\">\u00a0<\/td>\n<td style=\"height: 23px; width: 80.1562px;\">\u00a0<\/td>\n<\/tr>\n<\/tbody>\n<\/table>\n<p>[\/et_pb_text][et_pb_text disabled_on=&#8221;off|off|on&#8221; admin_label=&#8221;Text tabla celu Eje 6&#8243; _builder_version=&#8221;4.18.0&#8243; _module_preset=&#8221;default&#8221; text_font_size=&#8221;8.5px&#8221; global_colors_info=&#8221;{}&#8221;]<\/p>\n<table dir=\"ltr\" border=\"1\" cellspacing=\"0\" cellpadding=\"0\">\n<colgroup>\n<col width=\"68\" \/>\n<col width=\"70\" \/><\/colgroup>\n<tbody>\n<tr>\n<td style=\"text-align: center; width: 94px;\" data-sheets-value=\"{&quot;1&quot;:2,&quot;2&quot;:&quot;20 a 13hs&quot;}\">10 a 13hs<\/td>\n<td style=\"text-align: center; width: 75px;\" data-sheets-value=\"{&quot;1&quot;:2,&quot;2&quot;:&quot;21 a 13hs&quot;}\">10 a 13hs<\/td>\n<\/tr>\n<tr>\n<td style=\"text-align: center; width: 94px;\" data-sheets-value=\"{&quot;1&quot;:3,&quot;3&quot;:44905}\" data-sheets-numberformat=\"{&quot;1&quot;:5,&quot;2&quot;:&quot;d\/m\/yyyy&quot;,&quot;3&quot;:1}\">10\/12\/2022<\/td>\n<td style=\"text-align: center; width: 75px;\" data-sheets-value=\"{&quot;1&quot;:3,&quot;3&quot;:44912}\" data-sheets-numberformat=\"{&quot;1&quot;:5,&quot;2&quot;:&quot;d\/m\/yyyy&quot;,&quot;3&quot;:1}\">17\/12\/2022<\/td>\n<\/tr>\n<tr>\n<td style=\"text-align: center; width: 171px;\" colspan=\"2\" rowspan=\"1\" data-sheets-value=\"{&quot;1&quot;:2,&quot;2&quot;:&quot;Eje 6: G\u00e9nero, arquitecturas, ciudades y territorios&quot;}\">\n<h6><strong>Eje 6: G\u00e9nero, arquitecturas, ciudades y territorios<\/strong><\/h6>\n<\/td>\n<\/tr>\n<tr>\n<td style=\"width: 94px; text-align: center;\" data-sheets-value=\"{&quot;1&quot;:2,&quot;2&quot;:&quot;Jimena Abraham Viera &quot;}\"><strong>Jimena Abraham Viera<\/strong><\/td>\n<td style=\"width: 75px; text-align: center;\" data-sheets-value=\"{&quot;1&quot;:2,&quot;2&quot;:&quot;Helena Rinaldi&quot;}\"><strong>Helena Rinaldi<\/strong><\/td>\n<\/tr>\n<tr>\n<td style=\"width: 94px; text-align: center;\" data-sheets-value=\"{&quot;1&quot;:2,&quot;2&quot;:&quot;\\nNarrativas emergentes.\\nG\u00e9nero(s), ficciones, espacios y territorios.\\n&quot;}\"><em>Narrativas emergentes.<\/em><br \/><em>G\u00e9nero(s), ficciones, espacios y territorios.<\/em><\/td>\n<td style=\"width: 75px; text-align: center;\" data-sheets-value=\"{&quot;1&quot;:2,&quot;2&quot;:&quot;Cultura y g\u00e9nero. Reflexiones para habitar en equidad.&quot;}\"><em>Cultura y g\u00e9nero. Reflexiones para habitar en equidad.<\/em><\/td>\n<\/tr>\n<tr>\n<td style=\"width: 94px; text-align: center;\" data-sheets-value=\"{&quot;1&quot;:2,&quot;2&quot;:&quot;Posibles:Zaida Mux\u00ed Mart\u00ednez | Daniela Arias | Carolina Quiroga | Ana Fal\u00fa | Silvana Pissano&quot;}\">\u00a0<\/td>\n<td style=\"width: 75px; text-align: center;\" data-sheets-value=\"{&quot;1&quot;:2,&quot;2&quot;:&quot;Gabriela Barber&quot;}\"><strong>Gabriela Barber<\/strong><\/td>\n<\/tr>\n<tr>\n<td style=\"width: 94px;\">\u00a0<\/td>\n<td style=\"width: 75px; text-align: center;\" data-sheets-value=\"{&quot;1&quot;:2,&quot;2&quot;:&quot;La ciudad y el bosque como met\u00e1fora: reflexiones sobre equidad&quot;}\"><em>La ciudad y el bosque como met\u00e1fora: reflexiones sobre equidad<\/em><\/td>\n<\/tr>\n<\/tbody>\n<\/table>\n<p>[\/et_pb_text][\/et_pb_column][\/et_pb_row][\/et_pb_section]<\/p>\n","protected":false},"excerpt":{"rendered":"<p>Cronograma de actividades para la curricularizaci\u00f3n del Viaje de Arquitectura de la generaci\u00f3n 2015.<\/p>\n","protected":false},"author":3,"featured_media":9297,"comment_status":"closed","ping_status":"open","sticky":false,"template":"","format":"standard","meta":{"_et_pb_use_builder":"on","_et_pb_old_content":"","_et_gb_content_width":"","footnotes":""},"categories":[12],"tags":[],"class_list":["post-9287","post","type-post","status-publish","format-standard","has-post-thumbnail","hentry","category-curricularizacion"],"_links":{"self":[{"href":"https:\/\/plexo.edu.uy\/index.php\/wp-json\/wp\/v2\/posts\/9287","targetHints":{"allow":["GET"]}}],"collection":[{"href":"https:\/\/plexo.edu.uy\/index.php\/wp-json\/wp\/v2\/posts"}],"about":[{"href":"https:\/\/plexo.edu.uy\/index.php\/wp-json\/wp\/v2\/types\/post"}],"author":[{"embeddable":true,"href":"https:\/\/plexo.edu.uy\/index.php\/wp-json\/wp\/v2\/users\/3"}],"replies":[{"embeddable":true,"href":"https:\/\/plexo.edu.uy\/index.php\/wp-json\/wp\/v2\/comments?post=9287"}],"version-history":[{"count":0,"href":"https:\/\/plexo.edu.uy\/index.php\/wp-json\/wp\/v2\/posts\/9287\/revisions"}],"wp:featuredmedia":[{"embeddable":true,"href":"https:\/\/plexo.edu.uy\/index.php\/wp-json\/wp\/v2\/media\/9297"}],"wp:attachment":[{"href":"https:\/\/plexo.edu.uy\/index.php\/wp-json\/wp\/v2\/media?parent=9287"}],"wp:term":[{"taxonomy":"category","embeddable":true,"href":"https:\/\/plexo.edu.uy\/index.php\/wp-json\/wp\/v2\/categories?post=9287"},{"taxonomy":"post_tag","embeddable":true,"href":"https:\/\/plexo.edu.uy\/index.php\/wp-json\/wp\/v2\/tags?post=9287"}],"curies":[{"name":"wp","href":"https:\/\/api.w.org\/{rel}","templated":true}]}}