{"id":9398,"date":"2022-09-23T11:05:31","date_gmt":"2022-09-23T11:05:31","guid":{"rendered":"https:\/\/plexo.edu.uy\/?p=9398"},"modified":"2023-02-02T23:21:04","modified_gmt":"2023-02-02T23:21:04","slug":"curricularizacion-convergencia-fisico-digital","status":"publish","type":"post","link":"https:\/\/plexo.edu.uy\/index.php\/2022\/09\/23\/curricularizacion-convergencia-fisico-digital\/","title":{"rendered":"Curricularizaci\u00f3n | Convergencia F\u00edsico Digital"},"content":{"rendered":"<p>[et_pb_section fb_built=&#8221;1&#8243; _builder_version=&#8221;4.18.0&#8243; _module_preset=&#8221;default&#8221; global_colors_info=&#8221;{}&#8221;][et_pb_row _builder_version=&#8221;4.18.0&#8243; _module_preset=&#8221;default&#8221; global_colors_info=&#8221;{}&#8221;][et_pb_column type=&#8221;4_4&#8243; _builder_version=&#8221;4.18.0&#8243; _module_preset=&#8221;default&#8221; global_colors_info=&#8221;{}&#8221;][et_pb_text _builder_version=&#8221;4.18.0&#8243; _module_preset=&#8221;default&#8221; global_colors_info=&#8221;{}&#8221;]<\/p>\n<h3 style=\"text-align: center;\">Futuros Posibles<\/h3>\n<p style=\"text-align: center;\"><em>Escenarios, lecturas, e interpretaciones sobre el contexto arquitect\u00f3nico global.<\/em><\/p>\n<h2 style=\"text-align: center;\"><strong>Convergencia F\u00edsico Digital<\/strong><\/h2>\n<h3 style=\"text-align: center;\">01<\/h3>\n<p style=\"text-align: center;\">Curricularizaci\u00f3n Eje de trabajo 01<\/p>\n<p style=\"text-align: center;\">Sal\u00f3n de Actos FADU | 24\/09\/22 | 10:00 a 13:00hs<\/p>\n<p>[\/et_pb_text][\/et_pb_column][\/et_pb_row][et_pb_row column_structure=&#8221;1_2,1_2&#8243; _builder_version=&#8221;4.18.0&#8243; _module_preset=&#8221;default&#8221; global_colors_info=&#8221;{}&#8221;][et_pb_column type=&#8221;1_2&#8243; _builder_version=&#8221;4.18.0&#8243; _module_preset=&#8221;default&#8221; global_colors_info=&#8221;{}&#8221;][et_pb_image src=&#8221;https:\/\/plexo.edu.uy\/wp-content\/uploads\/2022\/09\/Difusion-charlas-PLEXO-07.jpg&#8221; title_text=&#8221;Difusi\u00f3n charlas PLEXO-07&#8243; _builder_version=&#8221;4.18.0&#8243; _module_preset=&#8221;default&#8221; global_colors_info=&#8221;{}&#8221;][\/et_pb_image][et_pb_text _builder_version=&#8221;4.18.0&#8243; _module_preset=&#8221;default&#8221; text_orientation=&#8221;justified&#8221; global_colors_info=&#8221;{}&#8221;]<\/p>\n<h4>Ra\u00fal Buz\u00f3<\/h4>\n<p>10:00 a 11:30hs<\/p>\n<h4><strong>&#8220;La revoluci\u00f3n computacional. Los diversos giros digitales en la arquitectura&#8221;<\/strong><\/h4>\n<p>&nbsp;<\/p>\n<p>[\/et_pb_text][\/et_pb_column][et_pb_column type=&#8221;1_2&#8243; _builder_version=&#8221;4.18.0&#8243; _module_preset=&#8221;default&#8221; global_colors_info=&#8221;{}&#8221;][et_pb_image src=&#8221;https:\/\/plexo.edu.uy\/wp-content\/uploads\/2022\/09\/Difusion-charlas-PLEXO-09.jpg&#8221; title_text=&#8221;Difusi\u00f3n charlas PLEXO-09&#8243; _builder_version=&#8221;4.18.0&#8243; _module_preset=&#8221;default&#8221; global_colors_info=&#8221;{}&#8221;][\/et_pb_image][et_pb_text _builder_version=&#8221;4.18.0&#8243; _module_preset=&#8221;default&#8221; text_orientation=&#8221;justified&#8221; hover_enabled=&#8221;0&#8243; global_colors_info=&#8221;{}&#8221; sticky_enabled=&#8221;0&#8243;]<\/p>\n<h4>Juan Pablo Portillo<\/h4>\n<p>11:30 a 13:00hs<\/p>\n<h4><strong>&#8220;Relaciones entre dise\u00f1o arquitect\u00f3nico bio-inspirado, algor\u00edtmico, y fabricaci\u00f3n digital&#8221;<\/strong><\/h4>\n<p>El tema propuesto tiene tres ejes: el dise\u00f1o arquitect\u00f3nico Bio-Inspirado, el Dise\u00f1o Algor\u00edtmico y la Fabricaci\u00f3n Digital. Se pretende definir un nuevo campo epist\u00e9mico construido a partir de la intersecci\u00f3n de los tres temas.<br \/>El dise\u00f1o Bio-Inspirado o bio mim\u00e9tico y en particular el dise\u00f1o arquitect\u00f3nico bio mim\u00e9tico es una tendencia en el campo del dise\u00f1o que tiene actualmente gran desarrollo por parte de varios autores.<br \/>Partiendo de la premisa de que los recursos materiales y energ\u00e9ticos deben ser gestionados con mesura debemos buscar soluciones a la hora de dise\u00f1ar arquitectura que permitan optimizar su uso.<\/p>\n<p>[\/et_pb_text][\/et_pb_column][\/et_pb_row][\/et_pb_section]<\/p>\n","protected":false},"excerpt":{"rendered":"<p>Ciclo de Conferencias en torno a la curricularizaci\u00f3n del Viaje de Arquitectura de la generaci\u00f3n 2015. Esta ser\u00e1 la primera instancia del Eje de trabajo 01, Convergencia f\u00edsico digital con charlas de Ra\u00fal Buz\u00f3 y Juan Pablo Portillo<\/p>\n","protected":false},"author":3,"featured_media":9409,"comment_status":"closed","ping_status":"open","sticky":false,"template":"","format":"standard","meta":{"_et_pb_use_builder":"on","_et_pb_old_content":"","_et_gb_content_width":"","footnotes":""},"categories":[12],"tags":[],"class_list":["post-9398","post","type-post","status-publish","format-standard","has-post-thumbnail","hentry","category-curricularizacion"],"_links":{"self":[{"href":"https:\/\/plexo.edu.uy\/index.php\/wp-json\/wp\/v2\/posts\/9398","targetHints":{"allow":["GET"]}}],"collection":[{"href":"https:\/\/plexo.edu.uy\/index.php\/wp-json\/wp\/v2\/posts"}],"about":[{"href":"https:\/\/plexo.edu.uy\/index.php\/wp-json\/wp\/v2\/types\/post"}],"author":[{"embeddable":true,"href":"https:\/\/plexo.edu.uy\/index.php\/wp-json\/wp\/v2\/users\/3"}],"replies":[{"embeddable":true,"href":"https:\/\/plexo.edu.uy\/index.php\/wp-json\/wp\/v2\/comments?post=9398"}],"version-history":[{"count":0,"href":"https:\/\/plexo.edu.uy\/index.php\/wp-json\/wp\/v2\/posts\/9398\/revisions"}],"wp:featuredmedia":[{"embeddable":true,"href":"https:\/\/plexo.edu.uy\/index.php\/wp-json\/wp\/v2\/media\/9409"}],"wp:attachment":[{"href":"https:\/\/plexo.edu.uy\/index.php\/wp-json\/wp\/v2\/media?parent=9398"}],"wp:term":[{"taxonomy":"category","embeddable":true,"href":"https:\/\/plexo.edu.uy\/index.php\/wp-json\/wp\/v2\/categories?post=9398"},{"taxonomy":"post_tag","embeddable":true,"href":"https:\/\/plexo.edu.uy\/index.php\/wp-json\/wp\/v2\/tags?post=9398"}],"curies":[{"name":"wp","href":"https:\/\/api.w.org\/{rel}","templated":true}]}}