{"id":9412,"date":"2022-09-26T22:29:51","date_gmt":"2022-09-26T22:29:51","guid":{"rendered":"https:\/\/plexo.edu.uy\/?p=9412"},"modified":"2023-02-02T23:20:59","modified_gmt":"2023-02-02T23:20:59","slug":"curricularizacion-convergencia-fisico-digital-02","status":"publish","type":"post","link":"https:\/\/plexo.edu.uy\/index.php\/2022\/09\/26\/curricularizacion-convergencia-fisico-digital-02\/","title":{"rendered":"Curricularizaci\u00f3n | Convergencia F\u00edsico Digital 02"},"content":{"rendered":"<p>[et_pb_section fb_built=&#8221;1&#8243; _builder_version=&#8221;4.18.0&#8243; _module_preset=&#8221;default&#8221; global_colors_info=&#8221;{}&#8221;][et_pb_row _builder_version=&#8221;4.18.0&#8243; _module_preset=&#8221;default&#8221; global_colors_info=&#8221;{}&#8221;][et_pb_column type=&#8221;4_4&#8243; _builder_version=&#8221;4.18.0&#8243; _module_preset=&#8221;default&#8221; global_colors_info=&#8221;{}&#8221;][et_pb_text _builder_version=&#8221;4.18.0&#8243; _module_preset=&#8221;default&#8221; global_colors_info=&#8221;{}&#8221;]<\/p>\n<h3 style=\"text-align: center;\">Futuros Posibles<\/h3>\n<p style=\"text-align: center;\"><em>Escenarios, lecturas, e interpretaciones sobre el contexto arquitect\u00f3nico global.<\/em><\/p>\n<h2 style=\"text-align: center;\"><strong>Convergencia F\u00edsico Digital<\/strong><\/h2>\n<h3 style=\"text-align: center;\">02<\/h3>\n<p style=\"text-align: center;\">Curricularizaci\u00f3n Eje de trabajo 01<\/p>\n<p style=\"text-align: center;\">Sal\u00f3n de Actos FADU | 01\/10\/22 | 10:00 a 13:00hs<\/p>\n<p>[\/et_pb_text][\/et_pb_column][\/et_pb_row][et_pb_row column_structure=&#8221;1_2,1_2&#8243; _builder_version=&#8221;4.18.0&#8243; _module_preset=&#8221;default&#8221; global_colors_info=&#8221;{}&#8221;][et_pb_column type=&#8221;1_2&#8243; _builder_version=&#8221;4.18.0&#8243; _module_preset=&#8221;default&#8221; global_colors_info=&#8221;{}&#8221;][et_pb_image src=&#8221;https:\/\/plexo.edu.uy\/wp-content\/uploads\/2022\/09\/Difusion-charlas-PLEXO-17.jpg&#8221; title_text=&#8221;Difusi\u00f3n charlas PLEXO-17&#8243; _builder_version=&#8221;4.18.0&#8243; _module_preset=&#8221;default&#8221; global_colors_info=&#8221;{}&#8221;][\/et_pb_image][et_pb_text _builder_version=&#8221;4.18.0&#8243; _module_preset=&#8221;default&#8221; text_orientation=&#8221;justified&#8221; global_colors_info=&#8221;{}&#8221;]<\/p>\n<h4>Marcelo Payss\u00e9 \u00c1lvarez<\/h4>\n<p>10:00 a 11:30hs<\/p>\n<h4><b>&#8220;ArchiGram \/ ArchiNet. De la fugacidad m\u00f3vil a la movilidad fugaz&#8221;.<\/b><\/h4>\n<p>En la d\u00e9cada de los \u201960, el grupo ingl\u00e9s <strong>Archigram<\/strong> cre\u00f3 y promovi\u00f3 una nueva manera de entender la arquitectura y el territorio, incorporando en su innovadora visi\u00f3n los paradigmas cient\u00edficos y avances tecnol\u00f3gicos de la segunda mitad del siglo XX. Sesenta a\u00f1os m\u00e1s tarde &#8211;<strong>Archinet<\/strong>-, se da una situaci\u00f3n que tiene semejanzas y diferencias con aquella \u00e9poca. La posibilidad de estar conectados de m\u00faltiples y fluidos modos a nivel global, y de poder experimentar el real-time de situaciones reales o sint\u00e9ticas -o mezcla de ambas- abre un vasto campo de posibilidades en el marco de la convergencia f\u00edsico-digital.<\/p>\n<p>[\/et_pb_text][\/et_pb_column][et_pb_column type=&#8221;1_2&#8243; _builder_version=&#8221;4.18.0&#8243; _module_preset=&#8221;default&#8221; global_colors_info=&#8221;{}&#8221;][et_pb_image src=&#8221;https:\/\/plexo.edu.uy\/wp-content\/uploads\/2022\/09\/Difusion-charlas-PLEXO-19.jpg&#8221; title_text=&#8221;Difusi\u00f3n charlas PLEXO-19&#8243; _builder_version=&#8221;4.18.0&#8243; _module_preset=&#8221;default&#8221; global_colors_info=&#8221;{}&#8221;][\/et_pb_image][et_pb_text _builder_version=&#8221;4.18.0&#8243; _module_preset=&#8221;default&#8221; text_orientation=&#8221;justified&#8221; global_colors_info=&#8221;{}&#8221;]<\/p>\n<h4>Paulo Pereyra<\/h4>\n<p>11:30 a 13:00hs<\/p>\n<h4><strong>&#8220;Tect\u00f3nicas digitales&#8221;.<\/strong><\/h4>\n<p>La fabricaci\u00f3n digital, a trav\u00e9s de un conjunto integrado de herramientas y t\u00e9cnicas, posibilita transformar y materializar la informaci\u00f3n organizada en archivos digitales. Es un proceso consolidado en industrias manufactureras de punta (aeron\u00e1utica, automotriz y naval) y que, a partir de finales del siglo XX, comienza a intervenir en la construcci\u00f3n de arquitectura con diferentes improntas, desde concepciones tect\u00f3nicas que hablan de un di\u00e1logo entre la forma, el detalle constructivo, el material y la tecnolog\u00eda empleada. El objetivo de la charla es explicitar, mediante una serie de ejemplos, las caracter\u00edsticas que asumen esas diferentes tect\u00f3nicas digitales.<\/p>\n<p>[\/et_pb_text][\/et_pb_column][\/et_pb_row][\/et_pb_section]<\/p>\n","protected":false},"excerpt":{"rendered":"<p>Ciclo de Conferencias en torno a la curricularizaci\u00f3n del Viaje de Arquitectura de la generaci\u00f3n 2015. Esta ser\u00e1 la segunda instancia del Eje de trabajo 01, Convergencia f\u00edsico digital con charlas de Marcelo Payss\u00e9 \u00c1lvarez y Paulo Pereyra.<\/p>\n","protected":false},"author":3,"featured_media":9420,"comment_status":"closed","ping_status":"open","sticky":false,"template":"","format":"standard","meta":{"_et_pb_use_builder":"on","_et_pb_old_content":"","_et_gb_content_width":"","footnotes":""},"categories":[12],"tags":[],"class_list":["post-9412","post","type-post","status-publish","format-standard","has-post-thumbnail","hentry","category-curricularizacion"],"_links":{"self":[{"href":"https:\/\/plexo.edu.uy\/index.php\/wp-json\/wp\/v2\/posts\/9412","targetHints":{"allow":["GET"]}}],"collection":[{"href":"https:\/\/plexo.edu.uy\/index.php\/wp-json\/wp\/v2\/posts"}],"about":[{"href":"https:\/\/plexo.edu.uy\/index.php\/wp-json\/wp\/v2\/types\/post"}],"author":[{"embeddable":true,"href":"https:\/\/plexo.edu.uy\/index.php\/wp-json\/wp\/v2\/users\/3"}],"replies":[{"embeddable":true,"href":"https:\/\/plexo.edu.uy\/index.php\/wp-json\/wp\/v2\/comments?post=9412"}],"version-history":[{"count":0,"href":"https:\/\/plexo.edu.uy\/index.php\/wp-json\/wp\/v2\/posts\/9412\/revisions"}],"wp:featuredmedia":[{"embeddable":true,"href":"https:\/\/plexo.edu.uy\/index.php\/wp-json\/wp\/v2\/media\/9420"}],"wp:attachment":[{"href":"https:\/\/plexo.edu.uy\/index.php\/wp-json\/wp\/v2\/media?parent=9412"}],"wp:term":[{"taxonomy":"category","embeddable":true,"href":"https:\/\/plexo.edu.uy\/index.php\/wp-json\/wp\/v2\/categories?post=9412"},{"taxonomy":"post_tag","embeddable":true,"href":"https:\/\/plexo.edu.uy\/index.php\/wp-json\/wp\/v2\/tags?post=9412"}],"curies":[{"name":"wp","href":"https:\/\/api.w.org\/{rel}","templated":true}]}}