{"id":9433,"date":"2022-10-09T22:56:29","date_gmt":"2022-10-09T22:56:29","guid":{"rendered":"https:\/\/plexo.edu.uy\/?p=9433"},"modified":"2023-02-02T23:20:49","modified_gmt":"2023-02-02T23:20:49","slug":"curricularizacion-discurso-y-poder-en-la-arquitectura-01","status":"publish","type":"post","link":"https:\/\/plexo.edu.uy\/index.php\/2022\/10\/09\/curricularizacion-discurso-y-poder-en-la-arquitectura-01\/","title":{"rendered":"Curricularizaci\u00f3n | Discurso y poder en la arquitectura 01"},"content":{"rendered":"<p>[et_pb_section fb_built=&#8221;1&#8243; _builder_version=&#8221;4.18.0&#8243; _module_preset=&#8221;default&#8221; global_colors_info=&#8221;{}&#8221;][et_pb_row _builder_version=&#8221;4.18.0&#8243; _module_preset=&#8221;default&#8221; global_colors_info=&#8221;{}&#8221;][et_pb_column type=&#8221;4_4&#8243; _builder_version=&#8221;4.18.0&#8243; _module_preset=&#8221;default&#8221; global_colors_info=&#8221;{}&#8221;][et_pb_text _builder_version=&#8221;4.18.0&#8243; _module_preset=&#8221;default&#8221; global_colors_info=&#8221;{}&#8221;]<\/p>\n<h3 style=\"text-align: center;\">Futuros Posibles<\/h3>\n<p style=\"text-align: center;\"><em>Escenarios, lecturas, e interpretaciones sobre el contexto arquitect\u00f3nico global.<\/em><\/p>\n<h2 style=\"text-align: center;\"><strong>Discurso y poder en la arquitectura<\/strong><\/h2>\n<h3 style=\"text-align: center;\">01<\/h3>\n<p style=\"text-align: center;\">Curricularizaci\u00f3n Eje de trabajo 02<\/p>\n<p style=\"text-align: center;\">Sal\u00f3n de Actos FADU | 15\/10\/22 | 10:00 a 13:00hs<\/p>\n<p>[\/et_pb_text][\/et_pb_column][\/et_pb_row][et_pb_row column_structure=&#8221;1_2,1_2&#8243; _builder_version=&#8221;4.18.0&#8243; _module_preset=&#8221;default&#8221; global_colors_info=&#8221;{}&#8221;][et_pb_column type=&#8221;1_2&#8243; _builder_version=&#8221;4.18.0&#8243; _module_preset=&#8221;default&#8221; global_colors_info=&#8221;{}&#8221;][et_pb_image src=&#8221;https:\/\/plexo.edu.uy\/wp-content\/uploads\/2022\/10\/Difusion-charlas-PLEXO-23-1.jpg&#8221; title_text=&#8221;Difusi\u00f3n charlas PLEXO-23&#8243; _builder_version=&#8221;4.18.0&#8243; _module_preset=&#8221;default&#8221; global_colors_info=&#8221;{}&#8221;][\/et_pb_image][et_pb_text _builder_version=&#8221;4.18.0&#8243; _module_preset=&#8221;default&#8221; text_orientation=&#8221;justified&#8221; global_colors_info=&#8221;{}&#8221;]<\/p>\n<h4>Pablo Can\u00e9n<\/h4>\n<p>10:00 a 11:30hs<\/p>\n<h4><strong>&#8220;Desacralizaci\u00f3n discursiva en 3 obras de arquitectura reciente&#8221;<\/strong><\/h4>\n<p><span style=\"font-weight: 400;\">La exposici\u00f3n intentar\u00e1 transitar una reflexi\u00f3n sobre la arquitectura contempor\u00e1nea en 3 obras del tiempo reciente: el Parque de la Villette, de Bernard Tschumi; el Monumento a los jud\u00edos de Europa asesinados, de Peter Eisenman; y el<\/span><i><span style=\"font-weight: 400;\"> IIT McCormick Tribune Campus Center<\/span><\/i><span style=\"font-weight: 400;\">, de Rem Koolhaas. Tres creadores aglutinados en la exposici\u00f3n del MOMA de 1988 <\/span><i><span style=\"font-weight: 400;\">Deconstructivist Architecture<\/span><\/i><span style=\"font-weight: 400;\">, curada por los conocidos Philip Johnson y Mark Wigley. Si bien aquel mote no tendr\u00eda mayor consistencia en el tiempo nos habl\u00f3 de un momento de crisis del agotado posmodernismo y de un pasaje del discurso desde la sem\u00e1ntica a la sintaxis. Por tanto, m\u00e1s que a contenidos simb\u00f3licos se hizo patente una b\u00fasqueda por fuera de los significantes. En un caso la exaltaci\u00f3n de lo eventual, en otro el campo aut\u00f3nomo de la forma, y en el \u00faltimo la capacidad inventiva del montaje y la colisi\u00f3n de eventos program\u00e1ticos, desestabiliz\u00f3 fuertemente enunciados can\u00f3nicos de arquitecturas pasadas.<\/span><\/p>\n<p>[\/et_pb_text][\/et_pb_column][et_pb_column type=&#8221;1_2&#8243; _builder_version=&#8221;4.18.0&#8243; _module_preset=&#8221;default&#8221; global_colors_info=&#8221;{}&#8221;][et_pb_image src=&#8221;https:\/\/plexo.edu.uy\/wp-content\/uploads\/2022\/10\/Difusion-charlas-PLEXO-21-1.jpg&#8221; title_text=&#8221;Difusi\u00f3n charlas PLEXO-21&#8243; _builder_version=&#8221;4.18.0&#8243; _module_preset=&#8221;default&#8221; global_colors_info=&#8221;{}&#8221;][\/et_pb_image][et_pb_text _builder_version=&#8221;4.18.0&#8243; _module_preset=&#8221;default&#8221; text_orientation=&#8221;justified&#8221; global_colors_info=&#8221;{}&#8221;]<\/p>\n<h4>\u00c1ngel Armagno Gentile<\/h4>\n<p>11:30 a 13:00hs<\/p>\n<h4><strong>&#8220;Discurso, formas y s\u00edmbolos. La expresi\u00f3n espacial del poder&#8221;<\/strong><\/h4>\n<p><span style=\"font-weight: 400;\">Estamos acostumbrados a hablar de arquitectura en t\u00e9rminos de su relaci\u00f3n con la historia del arte, o como un reflejo del cambio tecnol\u00f3gico, o como una expresi\u00f3n de antropolog\u00eda social, pero ya no nos sentimos tan c\u00f3modos cuando se trata de entender las dimensiones pol\u00edticas m\u00e1s amplias de un edificio. Es una omisi\u00f3n sorprendente, dada la proximidad de la relaci\u00f3n entre arquitectura y poder. Dentro del discurso espacial arquitect\u00f3nico \u2014tanto pol\u00edtico-religioso como econ\u00f3mico-corporativo\u2014 se reconocen ciertos modos heredados, elementos recurrentes que sobreviven a los cambios generacionales y son transferidos como un elemento estructural. La formaci\u00f3n en arquitectura y urbanismo requiere una mirada multisemi\u00f3tica e interdisciplinaria al abordaje tanto del proyecto edilicio como del estudio de un eje tem\u00e1tico complejo. Este se perfila desde un enfoque discursivo de los estudios de la comunicaci\u00f3n, a partir de la adopci\u00f3n y aplicaci\u00f3n de constructos tales como: intertextualidad, homolog\u00eda cultural y yuxtaposici\u00f3n para la interpretaci\u00f3n sociol\u00f3gica, considerando el contexto hist\u00f3rico y marco cultural.<\/span><\/p>\n<p>[\/et_pb_text][\/et_pb_column][\/et_pb_row][et_pb_row _builder_version=&#8221;4.18.0&#8243; _module_preset=&#8221;default&#8221; global_colors_info=&#8221;{}&#8221;][et_pb_column type=&#8221;4_4&#8243; _builder_version=&#8221;4.18.0&#8243; _module_preset=&#8221;default&#8221; global_colors_info=&#8221;{}&#8221;][et_pb_text _builder_version=&#8221;4.18.0&#8243; _module_preset=&#8221;default&#8221; custom_padding=&#8221;10px|10px|10px|10px|false|false&#8221; border_width_all=&#8221;1px&#8221; border_color_all=&#8221;#000000&#8243; global_colors_info=&#8221;{}&#8221;]<\/p>\n<p><em>Atentos al comunicado del Decano del d\u00eda 8 de octubre, y a la reprogramaci\u00f3n de actividades respectiva, <strong>las charlas propuestas para este s\u00e1bado 15 tendr\u00e1n un car\u00e1cter completamente extracurricular<\/strong>. En tal sentido se toman dos recaudos: no se pasar\u00e1 lista alguna y las grabaciones de las disertaciones ser\u00e1n compartidas a la brevedad posible para que los interesados puedan verlas en diferido. Asimismo, les deseamos muchos \u00e9xitos en esta semana de evaluaciones parciales y ex\u00e1menes.<\/em><\/p>\n<p>[\/et_pb_text][\/et_pb_column][\/et_pb_row][\/et_pb_section]<\/p>\n","protected":false},"excerpt":{"rendered":"<p>Ciclo de Conferencias en torno a la curricularizaci\u00f3n del Viaje de Arquitectura de la generaci\u00f3n 2015. Esta ser\u00e1 la primera instancia del Eje de trabajo 02, Discurso y poder en la arquitectura con charlas de Pablo Can\u00e9n y \u00c1ngel Armagno Gentile.<\/p>\n","protected":false},"author":3,"featured_media":9437,"comment_status":"closed","ping_status":"open","sticky":false,"template":"","format":"standard","meta":{"_et_pb_use_builder":"on","_et_pb_old_content":"","_et_gb_content_width":"","footnotes":""},"categories":[12],"tags":[],"class_list":["post-9433","post","type-post","status-publish","format-standard","has-post-thumbnail","hentry","category-curricularizacion"],"_links":{"self":[{"href":"https:\/\/plexo.edu.uy\/index.php\/wp-json\/wp\/v2\/posts\/9433","targetHints":{"allow":["GET"]}}],"collection":[{"href":"https:\/\/plexo.edu.uy\/index.php\/wp-json\/wp\/v2\/posts"}],"about":[{"href":"https:\/\/plexo.edu.uy\/index.php\/wp-json\/wp\/v2\/types\/post"}],"author":[{"embeddable":true,"href":"https:\/\/plexo.edu.uy\/index.php\/wp-json\/wp\/v2\/users\/3"}],"replies":[{"embeddable":true,"href":"https:\/\/plexo.edu.uy\/index.php\/wp-json\/wp\/v2\/comments?post=9433"}],"version-history":[{"count":0,"href":"https:\/\/plexo.edu.uy\/index.php\/wp-json\/wp\/v2\/posts\/9433\/revisions"}],"wp:featuredmedia":[{"embeddable":true,"href":"https:\/\/plexo.edu.uy\/index.php\/wp-json\/wp\/v2\/media\/9437"}],"wp:attachment":[{"href":"https:\/\/plexo.edu.uy\/index.php\/wp-json\/wp\/v2\/media?parent=9433"}],"wp:term":[{"taxonomy":"category","embeddable":true,"href":"https:\/\/plexo.edu.uy\/index.php\/wp-json\/wp\/v2\/categories?post=9433"},{"taxonomy":"post_tag","embeddable":true,"href":"https:\/\/plexo.edu.uy\/index.php\/wp-json\/wp\/v2\/tags?post=9433"}],"curies":[{"name":"wp","href":"https:\/\/api.w.org\/{rel}","templated":true}]}}