{"id":9489,"date":"2022-10-18T14:55:33","date_gmt":"2022-10-18T14:55:33","guid":{"rendered":"https:\/\/plexo.edu.uy\/?p=9489"},"modified":"2023-02-02T23:20:41","modified_gmt":"2023-02-02T23:20:41","slug":"curricularizacion-discurso-y-poder-en-la-arquitectura-02","status":"publish","type":"post","link":"https:\/\/plexo.edu.uy\/index.php\/2022\/10\/18\/curricularizacion-discurso-y-poder-en-la-arquitectura-02\/","title":{"rendered":"Curricularizaci\u00f3n | Discurso y poder en la arquitectura 02"},"content":{"rendered":"<p>[et_pb_section fb_built=&#8221;1&#8243; admin_label=&#8221;Section Charla ejes&#8221; _builder_version=&#8221;4.18.0&#8243; _module_preset=&#8221;default&#8221; global_colors_info=&#8221;{}&#8221;][et_pb_row _builder_version=&#8221;4.18.0&#8243; _module_preset=&#8221;default&#8221; global_colors_info=&#8221;{}&#8221;][et_pb_column type=&#8221;4_4&#8243; _builder_version=&#8221;4.18.0&#8243; _module_preset=&#8221;default&#8221; global_colors_info=&#8221;{}&#8221;][et_pb_text _builder_version=&#8221;4.18.0&#8243; _module_preset=&#8221;default&#8221; global_colors_info=&#8221;{}&#8221;]<\/p>\n<h3 style=\"text-align: center;\">Futuros Posibles<\/h3>\n<p style=\"text-align: center;\"><em>Escenarios, lecturas, e interpretaciones sobre el contexto arquitect\u00f3nico global.<\/em><\/p>\n<h2 style=\"text-align: center;\"><strong>Discurso y poder en la arquitectura<\/strong><\/h2>\n<h3 style=\"text-align: center;\">02<\/h3>\n<p style=\"text-align: center;\">Curricularizaci\u00f3n Eje de trabajo 02<\/p>\n<p style=\"text-align: center;\">Virtual v\u00eda Zoom | 22\/10\/22 | 10:00 a 13:00hs<\/p>\n<p>&nbsp;<\/p>\n<p>[\/et_pb_text][\/et_pb_column][\/et_pb_row][et_pb_row column_structure=&#8221;1_2,1_2&#8243; _builder_version=&#8221;4.18.0&#8243; _module_preset=&#8221;default&#8221; global_colors_info=&#8221;{}&#8221;][et_pb_column type=&#8221;1_2&#8243; _builder_version=&#8221;4.18.0&#8243; _module_preset=&#8221;default&#8221; global_colors_info=&#8221;{}&#8221;][et_pb_image src=&#8221;https:\/\/plexo.edu.uy\/wp-content\/uploads\/2022\/10\/Difusion-charlas-PLEXO-25.jpg&#8221; title_text=&#8221;Difusi\u00f3n charlas PLEXO-25&#8243; _builder_version=&#8221;4.18.0&#8243; _module_preset=&#8221;default&#8221; global_colors_info=&#8221;{}&#8221;][\/et_pb_image][et_pb_text _builder_version=&#8221;4.18.0&#8243; _module_preset=&#8221;default&#8221; text_orientation=&#8221;justified&#8221; global_colors_info=&#8221;{}&#8221;]<\/p>\n<h4>Camilo \u00c1lvarez<\/h4>\n<p>10:00 a 11:30hs<\/p>\n<h4><strong>&#8220;Fenomenolog\u00eda y valoraci\u00f3n del Patrimonio Arquitect\u00f3nico&#8221;<\/strong><\/h4>\n<p><span style=\"font-weight: 400;\">La valoraci\u00f3n del patrimonio arquitect\u00f3nico, a trav\u00e9s del m\u00e9todo sist\u00e9mico, describe diversos mecanismos de aplicaci\u00f3n del mismo. El valor subjetivo surge del propio comportamiento humano relacionado al habitar y la percepci\u00f3n de un individuo o colectivo frente a un edificio. En t\u00e9rminos materiales trata del bienestar ps\u00edquico del individuo, definido por los factores subjetivos de la calidad del ambiente: las proporciones del espacio, el orden y la simetr\u00eda, la temperatura del color, la textura de los materiales y paramentos, etc. El aspecto est\u00e9tico inmaterial se refiere al valor art\u00edstico, tal como es estudiado por la cr\u00edtica normativa del arte, pero considerando su efecto sobre las personas, que es la apreciaci\u00f3n y valoraci\u00f3n, a la vez psicol\u00f3gica y cultural, del objeto arquitect\u00f3nico en el momento presente. Esta comunicaci\u00f3n buscar\u00e1 adentrarse en el estudio de los dem\u00e1s sentidos que complementan a la visibilidad de una obra Arquitect\u00f3nica y su valor de car\u00e1cter patrimonial.<\/span><\/p>\n<p>&nbsp;<\/p>\n<p>[\/et_pb_text][\/et_pb_column][et_pb_column type=&#8221;1_2&#8243; _builder_version=&#8221;4.18.0&#8243; _module_preset=&#8221;default&#8221; global_colors_info=&#8221;{}&#8221;][et_pb_image src=&#8221;https:\/\/plexo.edu.uy\/wp-content\/uploads\/2022\/10\/Difusion-charlas-PLEXO-27.jpg&#8221; title_text=&#8221;Difusi\u00f3n charlas PLEXO-27&#8243; _builder_version=&#8221;4.18.0&#8243; _module_preset=&#8221;default&#8221; global_colors_info=&#8221;{}&#8221;][\/et_pb_image][et_pb_text _builder_version=&#8221;4.18.0&#8243; _module_preset=&#8221;default&#8221; text_orientation=&#8221;justified&#8221; global_colors_info=&#8221;{}&#8221;]<\/p>\n<h4>Nathalia Bichinho<\/h4>\n<p>11:30 a 13:00hs<\/p>\n<h4><strong>&#8220;Conceptos procesos y realizaci\u00f3n: los valores tangibles del Patrimonio Moderno&#8221;<\/strong><\/h4>\n<p><span style=\"font-weight: 400;\">En el principio del siglo XX artistas, arquitectos y dise\u00f1adores se unieron en Weimar, Dessau creando la fundamental experiencia de la Bauhaus, indudablemente uno de los pilares de la cultura moderna. Cien a\u00f1os despu\u00e9s queremos destacar la idea del Patrimonio Moderno como legado, una herencia de pr\u00e1ctica y pensamiento que influy\u00f3 generaciones de profesionales y que sigue vigente, con modos de construir y proyectar que hoy d\u00eda est\u00e1n incorporados en el quehacer de los arquitectos y urbanistas. La exposici\u00f3n pretende revisar y evidenciar esa producci\u00f3n de conocimiento y obras con sus debidas evoluciones y discusiones a lo largo del tiempo.<\/span><\/p>\n<p>[\/et_pb_text][\/et_pb_column][\/et_pb_row][et_pb_row _builder_version=&#8221;4.18.0&#8243; _module_preset=&#8221;default&#8221; global_colors_info=&#8221;{}&#8221;][et_pb_column type=&#8221;4_4&#8243; _builder_version=&#8221;4.18.0&#8243; _module_preset=&#8221;default&#8221; global_colors_info=&#8221;{}&#8221;][et_pb_text _builder_version=&#8221;4.18.0&#8243; _module_preset=&#8221;default&#8221; global_colors_info=&#8221;{}&#8221;]<\/p>\n<hr \/>\n<p style=\"text-align: center;\"><strong>Enlace para Zoom<\/strong><\/p>\n<p style=\"text-align: center;\">T\u00f3pico: Futuros Posibles &#8211; Eje 2: Discurso y poder en la arquitectura<br \/>Hora: 22 oct. 2022 10:00 de la ma\u00f1ana Montevideo<\/p>\n<p style=\"text-align: center;\">Entrar en la reuni\u00f3n Zoom<br \/><a href=\"https:\/\/salavirtual-udelar.zoom.us\/j\/84517328642?pwd=dXU4WlhYUHNWSUhkb1E4b1dsREVaQT09\" target=\"_blank\" rel=\"noopener noreferrer\" data-saferedirecturl=\"https:\/\/www.google.com\/url?q=https:\/\/salavirtual-udelar.zoom.us\/j\/84517328642?pwd%3DdXU4WlhYUHNWSUhkb1E4b1dsREVaQT09&amp;source=gmail&amp;ust=1666184413826000&amp;usg=AOvVaw1lZwazMrLDMWX9O4a0ZKRx\">https:\/\/salavirtual-udelar.zoo<wbr \/>m.us\/j\/84517328642?pwd=dXU4Wlh<wbr \/>YUHNWSUhkb1E4b1dsREVaQT09<\/a><\/p>\n<p style=\"text-align: center;\">ID de la reuni\u00f3n: 845 1732 8642<br \/>C\u00f3digo de acceso: Viaje_2023<\/p>\n<hr \/>\n<p>&nbsp;<\/p>\n<p>[\/et_pb_text][\/et_pb_column][\/et_pb_row][\/et_pb_section]<\/p>\n","protected":false},"excerpt":{"rendered":"<p>Ciclo de Conferencias en torno a la curricularizaci\u00f3n del Viaje de Arquitectura de la generaci\u00f3n 2015. Esta ser\u00e1 la segunda instancia del Eje de trabajo 02, Discurso y poder en la arquitectura con charlas de Camilo \u00c1lvarez y Nathalia Bichinho enfocadas en el patrimonio desde dos perspectivas.<\/p>\n","protected":false},"author":3,"featured_media":9508,"comment_status":"closed","ping_status":"open","sticky":false,"template":"","format":"standard","meta":{"_et_pb_use_builder":"on","_et_pb_old_content":"","_et_gb_content_width":"","footnotes":""},"categories":[12],"tags":[],"class_list":["post-9489","post","type-post","status-publish","format-standard","has-post-thumbnail","hentry","category-curricularizacion"],"_links":{"self":[{"href":"https:\/\/plexo.edu.uy\/index.php\/wp-json\/wp\/v2\/posts\/9489","targetHints":{"allow":["GET"]}}],"collection":[{"href":"https:\/\/plexo.edu.uy\/index.php\/wp-json\/wp\/v2\/posts"}],"about":[{"href":"https:\/\/plexo.edu.uy\/index.php\/wp-json\/wp\/v2\/types\/post"}],"author":[{"embeddable":true,"href":"https:\/\/plexo.edu.uy\/index.php\/wp-json\/wp\/v2\/users\/3"}],"replies":[{"embeddable":true,"href":"https:\/\/plexo.edu.uy\/index.php\/wp-json\/wp\/v2\/comments?post=9489"}],"version-history":[{"count":0,"href":"https:\/\/plexo.edu.uy\/index.php\/wp-json\/wp\/v2\/posts\/9489\/revisions"}],"wp:featuredmedia":[{"embeddable":true,"href":"https:\/\/plexo.edu.uy\/index.php\/wp-json\/wp\/v2\/media\/9508"}],"wp:attachment":[{"href":"https:\/\/plexo.edu.uy\/index.php\/wp-json\/wp\/v2\/media?parent=9489"}],"wp:term":[{"taxonomy":"category","embeddable":true,"href":"https:\/\/plexo.edu.uy\/index.php\/wp-json\/wp\/v2\/categories?post=9489"},{"taxonomy":"post_tag","embeddable":true,"href":"https:\/\/plexo.edu.uy\/index.php\/wp-json\/wp\/v2\/tags?post=9489"}],"curies":[{"name":"wp","href":"https:\/\/api.w.org\/{rel}","templated":true}]}}