{"id":9511,"date":"2022-10-26T15:04:53","date_gmt":"2022-10-26T15:04:53","guid":{"rendered":"https:\/\/plexo.edu.uy\/?p=9511"},"modified":"2023-02-02T23:20:37","modified_gmt":"2023-02-02T23:20:37","slug":"eje-de-trabajo-03-habitar-contemporaneo","status":"publish","type":"post","link":"https:\/\/plexo.edu.uy\/index.php\/2022\/10\/26\/eje-de-trabajo-03-habitar-contemporaneo\/","title":{"rendered":"Eje de trabajo 03 | Habitar contempor\u00e1neo"},"content":{"rendered":"<p>[et_pb_section fb_built=&#8221;1&#8243; admin_label=&#8221;Section Eje trabajo general&#8221; _builder_version=&#8221;4.18.0&#8243; _module_preset=&#8221;default&#8221; global_colors_info=&#8221;{}&#8221;][et_pb_row _builder_version=&#8221;4.18.0&#8243; _module_preset=&#8221;default&#8221; global_colors_info=&#8221;{}&#8221;][et_pb_column type=&#8221;4_4&#8243; _builder_version=&#8221;4.18.0&#8243; _module_preset=&#8221;default&#8221; global_colors_info=&#8221;{}&#8221;][et_pb_text _builder_version=&#8221;4.18.0&#8243; _module_preset=&#8221;default&#8221; text_font_size=&#8221;20px&#8221; global_colors_info=&#8221;{}&#8221;]<\/p>\n<h1>Eje de trabajo 03 | <strong>Habitar Contempor\u00e1neo<\/strong><\/h1>\n<p>[\/et_pb_text][et_pb_image src=&#8221;https:\/\/plexo.edu.uy\/wp-content\/uploads\/2022\/10\/Difusion-charlas-PLEXO-05.jpg&#8221; title_text=&#8221;Difusi\u00f3n charlas PLEXO-05&#8243; _builder_version=&#8221;4.18.0&#8243; _module_preset=&#8221;default&#8221; global_colors_info=&#8221;{}&#8221;][\/et_pb_image][et_pb_text _builder_version=&#8221;4.18.0&#8243; _module_preset=&#8221;default&#8221; global_colors_info=&#8221;{}&#8221;]<\/p>\n<h4 style=\"text-align: center;\"><strong>Futuros Posibles<\/strong><\/h4>\n<p style=\"text-align: center;\"><em>Escenarios, lecturas e interpretaciones sobre el contexto arquitect\u00f3nico global.<\/em><\/p>\n<p style=\"text-align: center;\">Sal\u00f3n de Actos FADU<\/p>\n<p style=\"text-align: center;\">Ciclo de Conferencias | Curricularizaci\u00f3n Eje de trabajo 03<\/p>\n<h2 style=\"text-align: center;\">Habitar Contempor\u00e1neo<\/h2>\n<p style=\"text-align: center;\">29\/10\/2022<\/p>\n<p style=\"text-align: center;\">10:00 a 11:30hs<\/p>\n<p style=\"text-align: center;\"><strong>\u00c1lvaro M\u00e1rquez<\/strong><\/p>\n<p style=\"text-align: center;\"><em>&#8220;XXL: Habitar la metr\u00f3polis&#8221;.<\/em><\/p>\n<p style=\"text-align: center;\">11:30 a 13:00hs<\/p>\n<p style=\"text-align: center;\"><strong>Cecilia Ameijenda<\/strong><\/p>\n<p style=\"text-align: center;\"><em>&#8220;XS: Un relato sobre lo m\u00ednimo. El refugio en el paisaje&#8221;.<\/em><\/p>\n<p style=\"text-align: center;\">05\/11\/2022<\/p>\n<p style=\"text-align: center;\">10:00 a 11:30hs<\/p>\n<p style=\"text-align: center;\"><strong>Markus Vogl<\/strong><\/p>\n<p style=\"text-align: center;\"><em>&#8220;COnvivencia; COhabitaci\u00f3n; COproducci\u00f3n; COmplejidad&#8221;<\/em><\/p>\n<p style=\"text-align: center;\">11:30 a 13:00hs<\/p>\n<p style=\"text-align: center;\"><strong>Andr\u00e9s Sant\u00edn<\/strong><\/p>\n<p style=\"text-align: center;\"><em>&#8220;S: La transformaci\u00f3n de la vivienda en la ciudad consolidada&#8221;<\/em><\/p>\n<p style=\"text-align: center;\">\n<p>&nbsp;<\/p>\n<p>[\/et_pb_text][\/et_pb_column][\/et_pb_row][\/et_pb_section]<\/p>\n","protected":false},"excerpt":{"rendered":"<p>Ciclo de Conferencias en torno a la curricularizaci\u00f3n del Viaje de Arquitectura de la generaci\u00f3n 2015. El Eje de trabajo 03, Habitar Contempor\u00e1neo, contar\u00e1 con dos instancias de presentaci\u00f3n con charlas de \u00c1lvaro M\u00e1rquez, Cecilia Ameijenda, Andr\u00e9s Sant\u00edn y Markus Vogl.<\/p>\n","protected":false},"author":3,"featured_media":9538,"comment_status":"closed","ping_status":"open","sticky":false,"template":"","format":"standard","meta":{"_et_pb_use_builder":"on","_et_pb_old_content":"","_et_gb_content_width":"","footnotes":""},"categories":[12],"tags":[],"class_list":["post-9511","post","type-post","status-publish","format-standard","has-post-thumbnail","hentry","category-curricularizacion"],"_links":{"self":[{"href":"https:\/\/plexo.edu.uy\/index.php\/wp-json\/wp\/v2\/posts\/9511","targetHints":{"allow":["GET"]}}],"collection":[{"href":"https:\/\/plexo.edu.uy\/index.php\/wp-json\/wp\/v2\/posts"}],"about":[{"href":"https:\/\/plexo.edu.uy\/index.php\/wp-json\/wp\/v2\/types\/post"}],"author":[{"embeddable":true,"href":"https:\/\/plexo.edu.uy\/index.php\/wp-json\/wp\/v2\/users\/3"}],"replies":[{"embeddable":true,"href":"https:\/\/plexo.edu.uy\/index.php\/wp-json\/wp\/v2\/comments?post=9511"}],"version-history":[{"count":0,"href":"https:\/\/plexo.edu.uy\/index.php\/wp-json\/wp\/v2\/posts\/9511\/revisions"}],"wp:featuredmedia":[{"embeddable":true,"href":"https:\/\/plexo.edu.uy\/index.php\/wp-json\/wp\/v2\/media\/9538"}],"wp:attachment":[{"href":"https:\/\/plexo.edu.uy\/index.php\/wp-json\/wp\/v2\/media?parent=9511"}],"wp:term":[{"taxonomy":"category","embeddable":true,"href":"https:\/\/plexo.edu.uy\/index.php\/wp-json\/wp\/v2\/categories?post=9511"},{"taxonomy":"post_tag","embeddable":true,"href":"https:\/\/plexo.edu.uy\/index.php\/wp-json\/wp\/v2\/tags?post=9511"}],"curies":[{"name":"wp","href":"https:\/\/api.w.org\/{rel}","templated":true}]}}