{"id":9517,"date":"2022-10-27T01:48:13","date_gmt":"2022-10-27T01:48:13","guid":{"rendered":"https:\/\/plexo.edu.uy\/?p=9517"},"modified":"2023-02-02T23:20:32","modified_gmt":"2023-02-02T23:20:32","slug":"curricularizacion-habitar-contemporaneo-01","status":"publish","type":"post","link":"https:\/\/plexo.edu.uy\/index.php\/2022\/10\/27\/curricularizacion-habitar-contemporaneo-01\/","title":{"rendered":"Curricularizaci\u00f3n | Habitar Contempor\u00e1neo 01"},"content":{"rendered":"<p>[et_pb_section fb_built=&#8221;1&#8243; _builder_version=&#8221;4.18.0&#8243; _module_preset=&#8221;default&#8221; global_colors_info=&#8221;{}&#8221;][et_pb_row _builder_version=&#8221;4.18.0&#8243; _module_preset=&#8221;default&#8221; global_colors_info=&#8221;{}&#8221;][et_pb_column type=&#8221;4_4&#8243; _builder_version=&#8221;4.18.0&#8243; _module_preset=&#8221;default&#8221; global_colors_info=&#8221;{}&#8221;][et_pb_text _builder_version=&#8221;4.18.0&#8243; _module_preset=&#8221;default&#8221; global_colors_info=&#8221;{}&#8221;]<\/p>\n<h3 style=\"text-align: center;\">Futuros Posibles<\/h3>\n<p style=\"text-align: center;\"><em>Escenarios, lecturas, e interpretaciones sobre el contexto arquitect\u00f3nico global.<\/em><\/p>\n<h2 style=\"text-align: center;\"><strong>Habitar Contempor\u00e1neo<\/strong><\/h2>\n<h3 style=\"text-align: center;\">01<\/h3>\n<p style=\"text-align: center;\">Curricularizaci\u00f3n Eje de trabajo 03<\/p>\n<p style=\"text-align: center;\">V\u00eda Zoom | 29\/10\/22 | 10:00 a 13:00hs<\/p>\n<p>[\/et_pb_text][\/et_pb_column][\/et_pb_row][et_pb_row column_structure=&#8221;1_2,1_2&#8243; _builder_version=&#8221;4.18.0&#8243; _module_preset=&#8221;default&#8221; global_colors_info=&#8221;{}&#8221;][et_pb_column type=&#8221;1_2&#8243; _builder_version=&#8221;4.18.0&#8243; _module_preset=&#8221;default&#8221; global_colors_info=&#8221;{}&#8221;][et_pb_image src=&#8221;https:\/\/plexo.edu.uy\/wp-content\/uploads\/2022\/10\/Difusion-charlas-PLEXO-29.jpg&#8221; title_text=&#8221;Difusi\u00f3n charlas PLEXO-29&#8243; _builder_version=&#8221;4.18.0&#8243; _module_preset=&#8221;default&#8221; global_colors_info=&#8221;{}&#8221;][\/et_pb_image][et_pb_text _builder_version=&#8221;4.18.0&#8243; _module_preset=&#8221;default&#8221; text_orientation=&#8221;justified&#8221; global_colors_info=&#8221;{}&#8221;]<\/p>\n<h4>\u00c1lvaro M\u00e1rquez<\/h4>\n<p>10:00 a 11:30hs<\/p>\n<h4><strong>&#8220;XXL: Habitar la metr\u00f3polis&#8221;<\/strong><\/h4>\n<p>La metr\u00f3polis, ese lugar inconmensurable donde se producen los intercambios econ\u00f3micos, productivos y culturales de las sociedades contempor\u00e1neas, es tambi\u00e9n ese espacio donde se dan todo tipo de interacciones humanas. Lugar de imaginarios ut\u00f3picos, de pretendidos controles deterministas, de expansiones ininterrumpidas, de congestiones desmesuradas, de vac\u00edos inabarcables, de abandonos desesperantes, siempre es vivida desde la experiencia personal o colectiva. <em>Habitar la metr\u00f3polis<\/em>, nos acerca a diversas facetas que la constituyen, as\u00ed como a las m\u00faltiples manifestaciones devenidas de su andar hist\u00f3rico, incluyendo a sus artefactos cotidianos y su relaci\u00f3n con los marcos te\u00f3ricos propios de cada momento.<\/p>\n<p>[\/et_pb_text][\/et_pb_column][et_pb_column type=&#8221;1_2&#8243; _builder_version=&#8221;4.18.0&#8243; _module_preset=&#8221;default&#8221; global_colors_info=&#8221;{}&#8221;][et_pb_image src=&#8221;https:\/\/plexo.edu.uy\/wp-content\/uploads\/2022\/10\/Difusion-charlas-PLEXO-31.jpg&#8221; title_text=&#8221;Difusi\u00f3n charlas PLEXO-31&#8243; _builder_version=&#8221;4.18.0&#8243; _module_preset=&#8221;default&#8221; global_colors_info=&#8221;{}&#8221;][\/et_pb_image][et_pb_text _builder_version=&#8221;4.18.0&#8243; _module_preset=&#8221;default&#8221; text_orientation=&#8221;justified&#8221; hover_enabled=&#8221;0&#8243; global_colors_info=&#8221;{}&#8221; sticky_enabled=&#8221;0&#8243;]<\/p>\n<h4>Cecilia Ameijenda<\/h4>\n<p>11:30 a 13:00hs<\/p>\n<h4><strong>&#8220;XS: Un relato sobre lo m\u00ednimo. El refugio en el paisaje&#8221;<\/strong><\/h4>\n<p>Habitar m\u00ednimo, refugio y paisaje son conceptos que en conjunto evocan la misma b\u00fasqueda: la de habitar en condiciones primarias. La idea de refugio se presenta como un espacio reducido, creado artificialmente por el individuo o tomado por \u00e9l como sitio de protecci\u00f3n para asegurar su supervivencia, que termina convirti\u00e9ndose en morada. Tal vez debido a esa simpleza program\u00e1tica, la percepci\u00f3n del concepto de refugio remite solo a las cuestiones esenciales que sustentan este tipo arquitect\u00f3nico. Sin embargo, la construcci\u00f3n de estos como \u00e1mbitos de retiro para establecer una relaci\u00f3n con la naturaleza, junto a la multiplicaci\u00f3n de motivaciones que surgen con el devenir contempor\u00e1neo, propician un campo f\u00e9rtil de reflexiones acerca de sus distintas resoluciones. Esta exposici\u00f3n es una aproximaci\u00f3n a estos tres conceptos y sus vinculaciones, a trav\u00e9s de una recorrida por una serie de peque\u00f1os habit\u00e1culos, en la que se pone el foco en los aspectos que le otorgan su car\u00e1cter de refugio m\u00ednimo y se reflexiona sobre su relaci\u00f3n con las nociones contempor\u00e1neas del paisaje.<\/p>\n<p>[\/et_pb_text][\/et_pb_column][\/et_pb_row][et_pb_row _builder_version=&#8221;4.18.0&#8243; _module_preset=&#8221;default&#8221; global_colors_info=&#8221;{}&#8221;][et_pb_column type=&#8221;4_4&#8243; _builder_version=&#8221;4.18.0&#8243; _module_preset=&#8221;default&#8221; global_colors_info=&#8221;{}&#8221;][et_pb_text _builder_version=&#8221;4.18.0&#8243; _module_preset=&#8221;default&#8221; global_colors_info=&#8221;{}&#8221;]<\/p>\n<hr \/>\n<p style=\"text-align: center;\"><strong>Enlace para Zoom<\/strong><\/p>\n<p style=\"text-align: center;\">CECILIA AMEIJENDA HERNANDEZ is inviting you to a scheduled Zoom meeting.<\/p>\n<p style=\"text-align: center;\">Topic: Futuros Posibles &#8211; Eje 3: Habitar Contemporaneo<br \/>Time: Oct 29, 2022 10:00 AM Montevideo<\/p>\n<p style=\"text-align: center;\">Join Zoom Meeting<br \/>https:\/\/salavirtual-udelar.zoom.us\/j\/85739565543?pwd=eDBCcHRsek5HeVU2ekQzN0YvaHFEQT09<\/p>\n<p style=\"text-align: center;\">Meeting ID: 857 3956 5543<br \/>Passcode: Viaje_2023<\/p>\n<hr \/>\n<p>&nbsp;<\/p>\n<p>[\/et_pb_text][\/et_pb_column][\/et_pb_row][\/et_pb_section]<\/p>\n","protected":false},"excerpt":{"rendered":"<p>Ciclo de Conferencias en torno a la curricularizaci\u00f3n del Viaje de Arquitectura de la generaci\u00f3n 2015. Esta ser\u00e1 la primera instancia del Eje de trabajo 03, Habitar Contempor\u00e1neo con charlas de \u00c1lvaro M\u00e1rquez y Cecilia Ameijenda desde la perspectiva de dos escalas muy diferentes del habitar.<\/p>\n","protected":false},"author":3,"featured_media":9535,"comment_status":"closed","ping_status":"open","sticky":false,"template":"","format":"standard","meta":{"_et_pb_use_builder":"on","_et_pb_old_content":"","_et_gb_content_width":"","footnotes":""},"categories":[12],"tags":[],"class_list":["post-9517","post","type-post","status-publish","format-standard","has-post-thumbnail","hentry","category-curricularizacion"],"_links":{"self":[{"href":"https:\/\/plexo.edu.uy\/index.php\/wp-json\/wp\/v2\/posts\/9517","targetHints":{"allow":["GET"]}}],"collection":[{"href":"https:\/\/plexo.edu.uy\/index.php\/wp-json\/wp\/v2\/posts"}],"about":[{"href":"https:\/\/plexo.edu.uy\/index.php\/wp-json\/wp\/v2\/types\/post"}],"author":[{"embeddable":true,"href":"https:\/\/plexo.edu.uy\/index.php\/wp-json\/wp\/v2\/users\/3"}],"replies":[{"embeddable":true,"href":"https:\/\/plexo.edu.uy\/index.php\/wp-json\/wp\/v2\/comments?post=9517"}],"version-history":[{"count":0,"href":"https:\/\/plexo.edu.uy\/index.php\/wp-json\/wp\/v2\/posts\/9517\/revisions"}],"wp:featuredmedia":[{"embeddable":true,"href":"https:\/\/plexo.edu.uy\/index.php\/wp-json\/wp\/v2\/media\/9535"}],"wp:attachment":[{"href":"https:\/\/plexo.edu.uy\/index.php\/wp-json\/wp\/v2\/media?parent=9517"}],"wp:term":[{"taxonomy":"category","embeddable":true,"href":"https:\/\/plexo.edu.uy\/index.php\/wp-json\/wp\/v2\/categories?post=9517"},{"taxonomy":"post_tag","embeddable":true,"href":"https:\/\/plexo.edu.uy\/index.php\/wp-json\/wp\/v2\/tags?post=9517"}],"curies":[{"name":"wp","href":"https:\/\/api.w.org\/{rel}","templated":true}]}}