{"id":9598,"date":"2022-11-03T01:42:58","date_gmt":"2022-11-03T01:42:58","guid":{"rendered":"https:\/\/plexo.edu.uy\/?p=9598"},"modified":"2023-02-02T23:20:28","modified_gmt":"2023-02-02T23:20:28","slug":"curricularizacion-habitar-contemporaneo-02","status":"publish","type":"post","link":"https:\/\/plexo.edu.uy\/index.php\/2022\/11\/03\/curricularizacion-habitar-contemporaneo-02\/","title":{"rendered":"Curricularizaci\u00f3n | Habitar Contempor\u00e1neo 02"},"content":{"rendered":"<p>[et_pb_section fb_built=&#8221;1&#8243; _builder_version=&#8221;4.18.0&#8243; _module_preset=&#8221;default&#8221; global_colors_info=&#8221;{}&#8221;][et_pb_row _builder_version=&#8221;4.18.0&#8243; _module_preset=&#8221;default&#8221; global_colors_info=&#8221;{}&#8221;][et_pb_column type=&#8221;4_4&#8243; _builder_version=&#8221;4.18.0&#8243; _module_preset=&#8221;default&#8221; global_colors_info=&#8221;{}&#8221;][et_pb_text _builder_version=&#8221;4.18.1&#8243; _module_preset=&#8221;default&#8221; global_colors_info=&#8221;{}&#8221;]<\/p>\n<h3 style=\"text-align: center;\">Futuros Posibles<\/h3>\n<p style=\"text-align: center;\"><em>Escenarios, lecturas, e interpretaciones sobre el contexto arquitect\u00f3nico global.<\/em><\/p>\n<h2 style=\"text-align: center;\"><strong>Habitar Contempor\u00e1neo<\/strong><\/h2>\n<h3 style=\"text-align: center;\">02<\/h3>\n<p style=\"text-align: center;\">Curricularizaci\u00f3n Eje de trabajo 03<\/p>\n<p style=\"text-align: center;\">V\u00eda Zoom | 05\/1\/22 | 10:00 a 13:00hs<\/p>\n<p>[\/et_pb_text][\/et_pb_column][\/et_pb_row][et_pb_row column_structure=&#8221;1_2,1_2&#8243; _builder_version=&#8221;4.18.0&#8243; _module_preset=&#8221;default&#8221; global_colors_info=&#8221;{}&#8221;][et_pb_column type=&#8221;1_2&#8243; _builder_version=&#8221;4.18.0&#8243; _module_preset=&#8221;default&#8221; global_colors_info=&#8221;{}&#8221;][et_pb_image src=&#8221;https:\/\/plexo.edu.uy\/wp-content\/uploads\/2022\/11\/Difusion-charlas-PLEXO-33.jpg&#8221; title_text=&#8221;Difusi\u00f3n charlas PLEXO-33&#8243; _builder_version=&#8221;4.18.1&#8243; _module_preset=&#8221;default&#8221; global_colors_info=&#8221;{}&#8221;][\/et_pb_image][et_pb_text _builder_version=&#8221;4.18.1&#8243; _module_preset=&#8221;default&#8221; text_orientation=&#8221;justified&#8221; global_colors_info=&#8221;{}&#8221;]<\/p>\n<h4>Markus Vogl<\/h4>\n<p>10:00 a 11:30hs<\/p>\n<h4><strong>&#8220;L: COnvivienda; COhabitaci\u00f3n; COproducci\u00f3n; COmplejidad&#8221;<\/strong><\/h4>\n<p>&nbsp;<\/p>\n<p>[\/et_pb_text][\/et_pb_column][et_pb_column type=&#8221;1_2&#8243; _builder_version=&#8221;4.18.0&#8243; _module_preset=&#8221;default&#8221; global_colors_info=&#8221;{}&#8221;][et_pb_image src=&#8221;https:\/\/plexo.edu.uy\/wp-content\/uploads\/2022\/11\/Difusion-charlas-PLEXO-35.jpg&#8221; title_text=&#8221;Difusi\u00f3n charlas PLEXO-35&#8243; _builder_version=&#8221;4.18.1&#8243; _module_preset=&#8221;default&#8221; global_colors_info=&#8221;{}&#8221;][\/et_pb_image][et_pb_text _builder_version=&#8221;4.18.1&#8243; _module_preset=&#8221;default&#8221; text_orientation=&#8221;justified&#8221; global_colors_info=&#8221;{}&#8221;]<\/p>\n<h4>Andr\u00e9s Sant\u00edn<\/h4>\n<p>11:30 a 13:00hs<\/p>\n<h4><strong>&#8220;S: La transformaci\u00f3n de la vivienda en la ciudad consolidada&#8221;<\/strong><\/h4>\n<p><i><span style=\"font-weight: 400;\">\u201cLa etnograf\u00eda es un m\u00e9todo utilizado por la antropolog\u00eda social y ciencias afines que permite describir y analizar: las costumbres, pr\u00e1cticas, creencias, lugares, espacios y formas de vida de las sociedades que el antrop\u00f3logo busca investigar.\u201d <\/span><\/i><i><span style=\"font-weight: 400;\">1<\/span><\/i><\/p>\n<p><span style=\"font-weight: 400;\">Desde el origen de la sociedad tal como la conocemos el hombre ha buscado y desarrollado un espacio propio que lo proteja, estableciendo un l\u00edmite entre lo p\u00fablico y lo privado. Es de esta forma que la vivienda se torna en s\u00ed misma una herramienta de estudio del hombre como individuo y como parte de un colectivo.<\/span><\/p>\n<p><span style=\"font-weight: 400;\">Los diferentes modos de habitar y sus escenarios a lo largo de la historia son un reflejo de los diferentes per\u00edodos de la sociedad, sus modos de convivencia y maneras de agruparse.<\/span><\/p>\n<p><span style=\"font-weight: 400;\">Esta presentaci\u00f3n pretende enfocarse en la vivienda unifamiliar y evoluci\u00f3n hasta la contemporaneidad mediante la visualizaci\u00f3n de ejemplos que sinteticen estas transformaciones y nos permitan abordar la tem\u00e1tica.\u00a0<\/span><\/p>\n<p><i>1 <\/i><i>Extra\u00eddo de:<\/i><a href=\"http:\/\/inahchihuahua.gob.mx\/sections.pl?id=40\"> <i>http:\/\/inahchihuahua.gob.mx\/sections.pl?id=40<\/i><\/a> <\/p>\n<p>[\/et_pb_text][\/et_pb_column][\/et_pb_row][et_pb_row _builder_version=&#8221;4.18.1&#8243; _module_preset=&#8221;default&#8221; global_colors_info=&#8221;{}&#8221;][et_pb_column type=&#8221;4_4&#8243; _builder_version=&#8221;4.18.1&#8243; _module_preset=&#8221;default&#8221; global_colors_info=&#8221;{}&#8221;][et_pb_text _builder_version=&#8221;4.18.1&#8243; _module_preset=&#8221;default&#8221; global_colors_info=&#8221;{}&#8221;]<\/p>\n<hr \/>\n<p style=\"text-align: center;\"><strong>Enlace para Zoom<\/strong><\/p>\n<p style=\"text-align: center;\">ANDRES SANTIN SARAVIA le est\u00e1 invitando a una reuni\u00f3n de Zoom programada.<\/p>\n<p style=\"text-align: center;\">Tema: Futuros Posibles &#8211; Eje 3: Habitar Contempor\u00e1neo<br \/>Hora: 5 nov 2022 10:00 a.\u00a0m. Montevideo<\/p>\n<p style=\"text-align: center;\">Unirse a la reuni\u00f3n Zoom<br \/>https:\/\/salavirtual-udelar.zoom.us\/j\/82912558135?pwd=SVF4SXZka2ExYXpERWhNVDdLb1BEZz09<\/p>\n<p style=\"text-align: center;\">ID de reuni\u00f3n: 829 1255 8135<br \/>C\u00f3digo de acceso: Viaje_2023<\/p>\n<p style=\"text-align: center;\">Unirse mediante SIP<br \/>82912558135@zoomcrc.com<\/p>\n<hr \/>\n<p>&nbsp;<\/p>\n<p>[\/et_pb_text][\/et_pb_column][\/et_pb_row][\/et_pb_section]<\/p>\n","protected":false},"excerpt":{"rendered":"<p>Ciclo de Conferencias en torno a la curricularizaci\u00f3n del Viaje de Arquitectura de la generaci\u00f3n 2015. Esta ser\u00e1 la segunda instancia del Eje de trabajo 03, Habitar Contempor\u00e1neo con charlas de Markus Vogl y Andr\u00e9s Sant\u00edn desde la perspectiva de dos escalas del habitar.<\/p>\n","protected":false},"author":3,"featured_media":9607,"comment_status":"closed","ping_status":"open","sticky":false,"template":"","format":"standard","meta":{"_et_pb_use_builder":"on","_et_pb_old_content":"","_et_gb_content_width":"","footnotes":""},"categories":[12],"tags":[],"class_list":["post-9598","post","type-post","status-publish","format-standard","has-post-thumbnail","hentry","category-curricularizacion"],"_links":{"self":[{"href":"https:\/\/plexo.edu.uy\/index.php\/wp-json\/wp\/v2\/posts\/9598","targetHints":{"allow":["GET"]}}],"collection":[{"href":"https:\/\/plexo.edu.uy\/index.php\/wp-json\/wp\/v2\/posts"}],"about":[{"href":"https:\/\/plexo.edu.uy\/index.php\/wp-json\/wp\/v2\/types\/post"}],"author":[{"embeddable":true,"href":"https:\/\/plexo.edu.uy\/index.php\/wp-json\/wp\/v2\/users\/3"}],"replies":[{"embeddable":true,"href":"https:\/\/plexo.edu.uy\/index.php\/wp-json\/wp\/v2\/comments?post=9598"}],"version-history":[{"count":0,"href":"https:\/\/plexo.edu.uy\/index.php\/wp-json\/wp\/v2\/posts\/9598\/revisions"}],"wp:featuredmedia":[{"embeddable":true,"href":"https:\/\/plexo.edu.uy\/index.php\/wp-json\/wp\/v2\/media\/9607"}],"wp:attachment":[{"href":"https:\/\/plexo.edu.uy\/index.php\/wp-json\/wp\/v2\/media?parent=9598"}],"wp:term":[{"taxonomy":"category","embeddable":true,"href":"https:\/\/plexo.edu.uy\/index.php\/wp-json\/wp\/v2\/categories?post=9598"},{"taxonomy":"post_tag","embeddable":true,"href":"https:\/\/plexo.edu.uy\/index.php\/wp-json\/wp\/v2\/tags?post=9598"}],"curies":[{"name":"wp","href":"https:\/\/api.w.org\/{rel}","templated":true}]}}