{"id":9640,"date":"2022-11-07T02:08:03","date_gmt":"2022-11-07T02:08:03","guid":{"rendered":"https:\/\/plexo.edu.uy\/?p=9640"},"modified":"2023-02-02T23:20:23","modified_gmt":"2023-02-02T23:20:23","slug":"eje-de-trabajo-04-geopolitica-y-cartografias-del-poder","status":"publish","type":"post","link":"https:\/\/plexo.edu.uy\/index.php\/2022\/11\/07\/eje-de-trabajo-04-geopolitica-y-cartografias-del-poder\/","title":{"rendered":"Eje de trabajo 04 | Geopol\u00edtica y Cartograf\u00edas del Poder"},"content":{"rendered":"<p>[et_pb_section fb_built=&#8221;1&#8243; admin_label=&#8221;Section Eje trabajo general&#8221; _builder_version=&#8221;4.18.0&#8243; _module_preset=&#8221;default&#8221; global_colors_info=&#8221;{}&#8221;][et_pb_row _builder_version=&#8221;4.18.0&#8243; _module_preset=&#8221;default&#8221; global_colors_info=&#8221;{}&#8221;][et_pb_column type=&#8221;4_4&#8243; _builder_version=&#8221;4.18.0&#8243; _module_preset=&#8221;default&#8221; global_colors_info=&#8221;{}&#8221;][et_pb_text _builder_version=&#8221;4.19.0&#8243; _module_preset=&#8221;default&#8221; text_font_size=&#8221;20px&#8221; global_colors_info=&#8221;{}&#8221;]<\/p>\n<h1>Eje de trabajo 04 | <b>Geopol\u00edticas y Cartograf\u00edas del Poder<\/b><\/h1>\n<p>[\/et_pb_text][et_pb_image src=&#8221;https:\/\/plexo.edu.uy\/wp-content\/uploads\/2022\/11\/Difusion-charlas-PLEXO-07-1.jpg&#8221; title_text=&#8221;Difusi\u00f3n charlas PLEXO-07 (1)&#8221; _builder_version=&#8221;4.19.0&#8243; _module_preset=&#8221;default&#8221; global_colors_info=&#8221;{}&#8221;][\/et_pb_image][et_pb_text _builder_version=&#8221;4.19.0&#8243; _module_preset=&#8221;default&#8221; global_colors_info=&#8221;{}&#8221;]<\/p>\n<h4 style=\"text-align: center;\"><strong>Futuros Posibles<\/strong><\/h4>\n<p style=\"text-align: center;\"><em>Escenarios, lecturas e interpretaciones sobre el contexto arquitect\u00f3nico global.<\/em><\/p>\n<p style=\"text-align: center;\">Ciclo de Conferencias | Curricularizaci\u00f3n Eje de trabajo 04<\/p>\n<h2 style=\"text-align: center;\">Geopol\u00edticas y Cartograf\u00edas del Poder<\/h2>\n<p style=\"text-align: center;\">12\/11\/2022<\/p>\n<p style=\"text-align: center;\">10:00 a 11:30hs<\/p>\n<p style=\"text-align: center;\"><strong>Pablo Can\u00e9n<\/strong><\/p>\n<p style=\"text-align: center;\"><em>&#8220;Los grandes conflictos geopol\u00edticos del presente&#8221;.<\/em><\/p>\n<p style=\"text-align: center;\">11:30 a 13:00hs<\/p>\n<p style=\"text-align: center;\"><strong>\u00c1lvaro Padr\u00f3n<\/strong><\/p>\n<p style=\"text-align: center;\"><em>&#8220;Hacia d\u00f3nde van las relaciones globales y nuestra regi\u00f3n&#8221;.<\/em><\/p>\n<p style=\"text-align: center;\">19\/11\/2022<\/p>\n<p style=\"text-align: center;\">10:00 a 11:30hs<\/p>\n<p style=\"text-align: center;\"><strong>Javier Fag\u00fandez<\/strong><\/p>\n<p style=\"text-align: center;\"><em>&#8220;Los desaf\u00edos actuales de Asia Pac\u00edfico&#8221;<\/em><\/p>\n<p style=\"text-align: center;\">11:30 a 13:00hs<\/p>\n<p style=\"text-align: center;\"><b>Alberto de Austria y Pablo Can\u00e9n<\/b><\/p>\n<p style=\"text-align: center;\"><em>&#8220;Los desaf\u00edos actuales del continente europeo&#8221;<\/em><\/p>\n<p>&nbsp;<\/p>\n<p>[\/et_pb_text][\/et_pb_column][\/et_pb_row][\/et_pb_section]<\/p>\n","protected":false},"excerpt":{"rendered":"<p>Ciclo de Conferencias en torno a la curricularizaci\u00f3n del Viaje de Arquitectura de la generaci\u00f3n 2015. El Eje de trabajo 04, Geopol\u00edticas y Cartograf\u00edas del Poder, contar\u00e1 con dos instancias de presentaci\u00f3n con charlas de Pablo Can\u00e9n, \u00c1lvaro Padr\u00f3n, Javier Fag\u00fandez y Alberto de Austria.<\/p>\n","protected":false},"author":3,"featured_media":9647,"comment_status":"closed","ping_status":"open","sticky":false,"template":"","format":"standard","meta":{"_et_pb_use_builder":"on","_et_pb_old_content":"","_et_gb_content_width":"","footnotes":""},"categories":[12],"tags":[],"class_list":["post-9640","post","type-post","status-publish","format-standard","has-post-thumbnail","hentry","category-curricularizacion"],"_links":{"self":[{"href":"https:\/\/plexo.edu.uy\/index.php\/wp-json\/wp\/v2\/posts\/9640","targetHints":{"allow":["GET"]}}],"collection":[{"href":"https:\/\/plexo.edu.uy\/index.php\/wp-json\/wp\/v2\/posts"}],"about":[{"href":"https:\/\/plexo.edu.uy\/index.php\/wp-json\/wp\/v2\/types\/post"}],"author":[{"embeddable":true,"href":"https:\/\/plexo.edu.uy\/index.php\/wp-json\/wp\/v2\/users\/3"}],"replies":[{"embeddable":true,"href":"https:\/\/plexo.edu.uy\/index.php\/wp-json\/wp\/v2\/comments?post=9640"}],"version-history":[{"count":0,"href":"https:\/\/plexo.edu.uy\/index.php\/wp-json\/wp\/v2\/posts\/9640\/revisions"}],"wp:featuredmedia":[{"embeddable":true,"href":"https:\/\/plexo.edu.uy\/index.php\/wp-json\/wp\/v2\/media\/9647"}],"wp:attachment":[{"href":"https:\/\/plexo.edu.uy\/index.php\/wp-json\/wp\/v2\/media?parent=9640"}],"wp:term":[{"taxonomy":"category","embeddable":true,"href":"https:\/\/plexo.edu.uy\/index.php\/wp-json\/wp\/v2\/categories?post=9640"},{"taxonomy":"post_tag","embeddable":true,"href":"https:\/\/plexo.edu.uy\/index.php\/wp-json\/wp\/v2\/tags?post=9640"}],"curies":[{"name":"wp","href":"https:\/\/api.w.org\/{rel}","templated":true}]}}