{"id":9650,"date":"2022-11-09T17:33:03","date_gmt":"2022-11-09T17:33:03","guid":{"rendered":"https:\/\/plexo.edu.uy\/?p=9650"},"modified":"2023-02-02T23:20:17","modified_gmt":"2023-02-02T23:20:17","slug":"curricularizacion-geopoliticas-y-cartografias-del-poder-01","status":"publish","type":"post","link":"https:\/\/plexo.edu.uy\/index.php\/2022\/11\/09\/curricularizacion-geopoliticas-y-cartografias-del-poder-01\/","title":{"rendered":"Curricularizaci\u00f3n | Geopol\u00edticas y Cartograf\u00edas del Poder 01"},"content":{"rendered":"<p>[et_pb_section fb_built=&#8221;1&#8243; _builder_version=&#8221;4.18.0&#8243; _module_preset=&#8221;default&#8221; global_colors_info=&#8221;{}&#8221;][et_pb_row _builder_version=&#8221;4.18.0&#8243; _module_preset=&#8221;default&#8221; global_colors_info=&#8221;{}&#8221;][et_pb_column type=&#8221;4_4&#8243; _builder_version=&#8221;4.18.0&#8243; _module_preset=&#8221;default&#8221; global_colors_info=&#8221;{}&#8221;][et_pb_text _builder_version=&#8221;4.19.0&#8243; _module_preset=&#8221;default&#8221; global_colors_info=&#8221;{}&#8221;]<\/p>\n<h3 style=\"text-align: center;\">Futuros Posibles<\/h3>\n<p style=\"text-align: center;\"><em>Escenarios, lecturas, e interpretaciones sobre el contexto arquitect\u00f3nico global.<\/em><\/p>\n<h2 style=\"text-align: center;\"><strong>Geopol\u00edticas y Cartograf\u00edas del Poder<\/strong><\/h2>\n<h3 style=\"text-align: center;\">01<\/h3>\n<p style=\"text-align: center;\">Curricularizaci\u00f3n Eje de trabajo 04<\/p>\n<p style=\"text-align: center;\">V\u00eda Zoom| 12\/11\/22 | 10:00 a 13:00hs<\/p>\n<p>[\/et_pb_text][\/et_pb_column][\/et_pb_row][et_pb_row column_structure=&#8221;1_2,1_2&#8243; _builder_version=&#8221;4.18.0&#8243; _module_preset=&#8221;default&#8221; global_colors_info=&#8221;{}&#8221;][et_pb_column type=&#8221;1_2&#8243; _builder_version=&#8221;4.18.0&#8243; _module_preset=&#8221;default&#8221; global_colors_info=&#8221;{}&#8221;][et_pb_image src=&#8221;https:\/\/plexo.edu.uy\/wp-content\/uploads\/2022\/11\/Difusion-charlas-PLEXO-37.jpg&#8221; title_text=&#8221;Difusi\u00f3n charlas PLEXO-37&#8243; _builder_version=&#8221;4.19.0&#8243; _module_preset=&#8221;default&#8221; global_colors_info=&#8221;{}&#8221;][\/et_pb_image][et_pb_text _builder_version=&#8221;4.19.0&#8243; _module_preset=&#8221;default&#8221; text_orientation=&#8221;justified&#8221; global_colors_info=&#8221;{}&#8221;]<\/p>\n<h4>Pablo Can\u00e9n<\/h4>\n<p>10:00 a 11:30hs<\/p>\n<h4><strong>&#8220;Los grandes conflictos geopol\u00edticos del presente&#8221;<\/strong><\/h4>\n<p><span style=\"font-weight: 400;\">El abordaje geopol\u00edtico nos permite encauzar el an\u00e1lisis de conflictos a trav\u00e9s de la territorialidad de los fen\u00f3menos, y la cartograf\u00eda nos permite comprender su espacializaci\u00f3n y, potencialmente, el devenir de los procesos. A su vez, este enfoque tiene la condici\u00f3n de entender que la relaci\u00f3n entre actores, corporaciones, Estados, no es una cuesti\u00f3n de moral, sino de gesti\u00f3n del poder. Resulta metodol\u00f3gicamente importante suspender el juicio por lapso anal\u00edtico de tiempo; luego, como es inevitable, todos tendremos nuestras posturas.<\/span><\/p>\n<p>[\/et_pb_text][\/et_pb_column][et_pb_column type=&#8221;1_2&#8243; _builder_version=&#8221;4.18.0&#8243; _module_preset=&#8221;default&#8221; global_colors_info=&#8221;{}&#8221;][et_pb_image src=&#8221;https:\/\/plexo.edu.uy\/wp-content\/uploads\/2022\/11\/Difusion-charlas-PLEXO-39.jpg&#8221; title_text=&#8221;Difusi\u00f3n charlas PLEXO-39&#8243; _builder_version=&#8221;4.19.0&#8243; _module_preset=&#8221;default&#8221; global_colors_info=&#8221;{}&#8221;][\/et_pb_image][et_pb_text _builder_version=&#8221;4.19.0&#8243; _module_preset=&#8221;default&#8221; text_orientation=&#8221;justified&#8221; global_colors_info=&#8221;{}&#8221;]<\/p>\n<h4>Pablo Can\u00e9n<\/h4>\n<p>11:30 a 13:00hs<\/p>\n<h4><strong>&#8220;Claves continentales&#8221;<\/strong><\/h4>\n<p>&nbsp;<\/p>\n<p>[\/et_pb_text][\/et_pb_column][\/et_pb_row][et_pb_row _builder_version=&#8221;4.19.0&#8243; _module_preset=&#8221;default&#8221; global_colors_info=&#8221;{}&#8221;][et_pb_column type=&#8221;4_4&#8243; _builder_version=&#8221;4.19.0&#8243; _module_preset=&#8221;default&#8221; global_colors_info=&#8221;{}&#8221;][et_pb_text _builder_version=&#8221;4.19.0&#8243; _module_preset=&#8221;default&#8221; global_colors_info=&#8221;{}&#8221;]<\/p>\n<hr \/>\n<p style=\"text-align: center;\"><strong>Enlace para Zoom<\/strong><\/p>\n<p style=\"text-align: center;\"><a href=\"https:\/\/salavirtual-udelar.zoom.us\/j\/84835617148\" target=\"_blank\" rel=\"noopener noreferrer\" data-saferedirecturl=\"https:\/\/www.google.com\/url?q=https:\/\/salavirtual-udelar.zoom.us\/j\/84835617148&amp;source=gmail&amp;ust=1667996335102000&amp;usg=AOvVaw0BJAAS-pO_FH52cxDi8hUJ\">https:\/\/salavirtual-udelar.zoo<wbr \/>m.us\/j\/84835617148<\/a><\/p>\n<p style=\"text-align: center;\">ID de reuni\u00f3n: 848 3561 7148<\/p>\n<hr \/>\n<p>&nbsp;<\/p>\n<p>[\/et_pb_text][\/et_pb_column][\/et_pb_row][\/et_pb_section]<\/p>\n","protected":false},"excerpt":{"rendered":"<p>Ciclo de Conferencias en torno a la curricularizaci\u00f3n del Viaje de Arquitectura de la generaci\u00f3n 2015. Esta ser\u00e1 la primera instancia del Eje de trabajo 04, Geopol\u00edticas y Cartograf\u00edas del Poder con charla de Pablo Can\u00e9n.<\/p>\n","protected":false},"author":3,"featured_media":9656,"comment_status":"closed","ping_status":"open","sticky":false,"template":"","format":"standard","meta":{"_et_pb_use_builder":"on","_et_pb_old_content":"","_et_gb_content_width":"","footnotes":""},"categories":[12],"tags":[],"class_list":["post-9650","post","type-post","status-publish","format-standard","has-post-thumbnail","hentry","category-curricularizacion"],"_links":{"self":[{"href":"https:\/\/plexo.edu.uy\/index.php\/wp-json\/wp\/v2\/posts\/9650","targetHints":{"allow":["GET"]}}],"collection":[{"href":"https:\/\/plexo.edu.uy\/index.php\/wp-json\/wp\/v2\/posts"}],"about":[{"href":"https:\/\/plexo.edu.uy\/index.php\/wp-json\/wp\/v2\/types\/post"}],"author":[{"embeddable":true,"href":"https:\/\/plexo.edu.uy\/index.php\/wp-json\/wp\/v2\/users\/3"}],"replies":[{"embeddable":true,"href":"https:\/\/plexo.edu.uy\/index.php\/wp-json\/wp\/v2\/comments?post=9650"}],"version-history":[{"count":0,"href":"https:\/\/plexo.edu.uy\/index.php\/wp-json\/wp\/v2\/posts\/9650\/revisions"}],"wp:featuredmedia":[{"embeddable":true,"href":"https:\/\/plexo.edu.uy\/index.php\/wp-json\/wp\/v2\/media\/9656"}],"wp:attachment":[{"href":"https:\/\/plexo.edu.uy\/index.php\/wp-json\/wp\/v2\/media?parent=9650"}],"wp:term":[{"taxonomy":"category","embeddable":true,"href":"https:\/\/plexo.edu.uy\/index.php\/wp-json\/wp\/v2\/categories?post=9650"},{"taxonomy":"post_tag","embeddable":true,"href":"https:\/\/plexo.edu.uy\/index.php\/wp-json\/wp\/v2\/tags?post=9650"}],"curies":[{"name":"wp","href":"https:\/\/api.w.org\/{rel}","templated":true}]}}