{"id":9677,"date":"2022-11-18T04:30:41","date_gmt":"2022-11-18T04:30:41","guid":{"rendered":"https:\/\/plexo.edu.uy\/?p=9677"},"modified":"2023-02-02T23:20:06","modified_gmt":"2023-02-02T23:20:06","slug":"curricularizacion-geopoliticas-y-cartografias-del-poder-02","status":"publish","type":"post","link":"https:\/\/plexo.edu.uy\/index.php\/2022\/11\/18\/curricularizacion-geopoliticas-y-cartografias-del-poder-02\/","title":{"rendered":"Curricularizaci\u00f3n | Geopol\u00edticas y Cartograf\u00edas del Poder 02"},"content":{"rendered":"<p>[et_pb_section fb_built=&#8221;1&#8243; _builder_version=&#8221;4.18.0&#8243; _module_preset=&#8221;default&#8221; global_colors_info=&#8221;{}&#8221;][et_pb_row _builder_version=&#8221;4.18.0&#8243; _module_preset=&#8221;default&#8221; global_colors_info=&#8221;{}&#8221;][et_pb_column type=&#8221;4_4&#8243; _builder_version=&#8221;4.18.0&#8243; _module_preset=&#8221;default&#8221; global_colors_info=&#8221;{}&#8221;][et_pb_text _builder_version=&#8221;4.19.0&#8243; _module_preset=&#8221;default&#8221; global_colors_info=&#8221;{}&#8221;]<\/p>\n<h3 style=\"text-align: center;\">Futuros Posibles<\/h3>\n<p style=\"text-align: center;\"><em>Escenarios, lecturas, e interpretaciones sobre el contexto arquitect\u00f3nico global.<\/em><\/p>\n<h2 style=\"text-align: center;\"><b>Geopol\u00edticas y Cartograf\u00edas del Poder<\/b><\/h2>\n<h3 style=\"text-align: center;\">02<\/h3>\n<p style=\"text-align: center;\">Curricularizaci\u00f3n Eje de trabajo 04<\/p>\n<p style=\"text-align: center;\">V\u00eda Zoom | 19\/11\/22 | 10:00 a 13:00hs<\/p>\n<p>[\/et_pb_text][\/et_pb_column][\/et_pb_row][et_pb_row column_structure=&#8221;1_3,1_3,1_3&#8243; _builder_version=&#8221;4.19.0&#8243; _module_preset=&#8221;default&#8221; global_colors_info=&#8221;{}&#8221;][et_pb_column type=&#8221;1_3&#8243; _builder_version=&#8221;4.19.0&#8243; _module_preset=&#8221;default&#8221; global_colors_info=&#8221;{}&#8221;][et_pb_image src=&#8221;https:\/\/plexo.edu.uy\/wp-content\/uploads\/2022\/11\/Difusion-charlas-PLEXO-41.jpg&#8221; title_text=&#8221;Difusi\u00f3n charlas PLEXO-41&#8243; _builder_version=&#8221;4.19.0&#8243; _module_preset=&#8221;default&#8221; global_colors_info=&#8221;{}&#8221;][\/et_pb_image][et_pb_text _builder_version=&#8221;4.19.0&#8243; _module_preset=&#8221;default&#8221; text_orientation=&#8221;justified&#8221; global_colors_info=&#8221;{}&#8221;]<\/p>\n<h4>Javier Fagundez<\/h4>\n<h4><strong>&#8220;Los desaf\u00edos actuales de Asia Pac\u00edfico&#8221;<\/strong><\/h4>\n<p>[\/et_pb_text][\/et_pb_column][et_pb_column type=&#8221;1_3&#8243; _builder_version=&#8221;4.19.0&#8243; _module_preset=&#8221;default&#8221; global_colors_info=&#8221;{}&#8221;][et_pb_image src=&#8221;https:\/\/plexo.edu.uy\/wp-content\/uploads\/2022\/11\/Difusion-charlas-PLEXO-45.jpg&#8221; title_text=&#8221;Difusi\u00f3n charlas PLEXO-45&#8243; _builder_version=&#8221;4.19.0&#8243; _module_preset=&#8221;default&#8221; global_colors_info=&#8221;{}&#8221;][\/et_pb_image][et_pb_text _builder_version=&#8221;4.19.0&#8243; _module_preset=&#8221;default&#8221; text_orientation=&#8221;justified&#8221; global_colors_info=&#8221;{}&#8221;]<\/p>\n<h4>\u00c1lvaro Padr\u00f3n<\/h4>\n<h4><strong>&#8220;Hacia d\u00f3nde van las relaciones globales y nuestra regi\u00f3n&#8221;<\/strong><\/h4>\n<p>[\/et_pb_text][\/et_pb_column][et_pb_column type=&#8221;1_3&#8243; _builder_version=&#8221;4.19.0&#8243; _module_preset=&#8221;default&#8221; global_colors_info=&#8221;{}&#8221;][et_pb_image src=&#8221;https:\/\/plexo.edu.uy\/wp-content\/uploads\/2022\/11\/Difusion-charlas-PLEXO-43.jpg&#8221; title_text=&#8221;Difusi\u00f3n charlas PLEXO-43&#8243; _builder_version=&#8221;4.19.0&#8243; _module_preset=&#8221;default&#8221; global_colors_info=&#8221;{}&#8221;][\/et_pb_image][et_pb_text _builder_version=&#8221;4.19.0&#8243; _module_preset=&#8221;default&#8221; text_orientation=&#8221;justified&#8221; global_colors_info=&#8221;{}&#8221;]<\/p>\n<h4>Pablo Can\u00e9n y Alberto de Austria<\/h4>\n<h4><strong>&#8220;Los desaf\u00edos actuales del continente europeo&#8221;<\/strong><\/h4>\n<p>A menudo pensamos Europa -desde Am\u00e9rica Latina- como un continente con menos fricciones internas de las que tiene. Por lo menos hasta la guerra en Ucrania. Pero m\u00e1s all\u00e1 de eso, la Uni\u00f3n Europea como comunidad pol\u00edtica adquiere una complejidad insondable a medida que nos acercamos apenas un poco. La Eurozona, el Espacio Schengen, son institucionalidades supranacionales que han tra\u00eddo en varios planos ventajas para el desarrollo y tambi\u00e9n asimetr\u00edas internas. La intervenci\u00f3n docente en este pasaje pretende recordar brevemente, que, desde la antig\u00fcedad, las fronteras europeas est\u00e1n en movimiento. Desde la historia reciente se har\u00e1 un inevitable foco en las consecuencias de la ca\u00edda del tel\u00f3n de acero y las din\u00e1micas pol\u00edticas, econ\u00f3micas y militares, posteriores a la Guerra Fr\u00eda. Entender la geograf\u00eda en un sentido hist\u00f3rico nos preparar\u00e1 mejor para abordar uno de los tramos cruciales de nuestro viaje.<\/p>\n<p>&nbsp;<\/p>\n<p>[\/et_pb_text][\/et_pb_column][\/et_pb_row][et_pb_row admin_label=&#8221;Row Zoom&#8221; _builder_version=&#8221;4.19.0&#8243; _module_preset=&#8221;default&#8221; global_colors_info=&#8221;{}&#8221;][et_pb_column type=&#8221;4_4&#8243; _builder_version=&#8221;4.19.0&#8243; _module_preset=&#8221;default&#8221; global_colors_info=&#8221;{}&#8221;][et_pb_text _builder_version=&#8221;4.19.0&#8243; _module_preset=&#8221;default&#8221; global_colors_info=&#8221;{}&#8221;]<\/p>\n<hr \/>\n<p style=\"text-align: center;\"><strong>Enlace para Zoom<\/strong><\/p>\n<p style=\"text-align: center;\">https:\/\/salavirtual-udelar.zoom.us\/j\/89454077922<\/p>\n<p style=\"text-align: center;\">ID de reuni\u00f3n: 894 5407 7922<\/p>\n<hr \/>\n<p>&nbsp;<\/p>\n<p>[\/et_pb_text][\/et_pb_column][\/et_pb_row][\/et_pb_section]<\/p>\n","protected":false},"excerpt":{"rendered":"<p>Ciclo de Conferencias en torno a la curricularizaci\u00f3n del Viaje de Arquitectura de la generaci\u00f3n 2015. Esta ser\u00e1 la segunda instancia del Eje de trabajo 04, Geopol\u00edticas y Cartograf\u00edas del Poder con charla de Javier Fagundez, \u00c1lvaro Padr\u00f3n, Pablo Can\u00e9n y Alberto de Austria.<\/p>\n","protected":false},"author":3,"featured_media":9706,"comment_status":"closed","ping_status":"open","sticky":false,"template":"","format":"standard","meta":{"_et_pb_use_builder":"on","_et_pb_old_content":"","_et_gb_content_width":"","footnotes":""},"categories":[12],"tags":[],"class_list":["post-9677","post","type-post","status-publish","format-standard","has-post-thumbnail","hentry","category-curricularizacion"],"_links":{"self":[{"href":"https:\/\/plexo.edu.uy\/index.php\/wp-json\/wp\/v2\/posts\/9677","targetHints":{"allow":["GET"]}}],"collection":[{"href":"https:\/\/plexo.edu.uy\/index.php\/wp-json\/wp\/v2\/posts"}],"about":[{"href":"https:\/\/plexo.edu.uy\/index.php\/wp-json\/wp\/v2\/types\/post"}],"author":[{"embeddable":true,"href":"https:\/\/plexo.edu.uy\/index.php\/wp-json\/wp\/v2\/users\/3"}],"replies":[{"embeddable":true,"href":"https:\/\/plexo.edu.uy\/index.php\/wp-json\/wp\/v2\/comments?post=9677"}],"version-history":[{"count":0,"href":"https:\/\/plexo.edu.uy\/index.php\/wp-json\/wp\/v2\/posts\/9677\/revisions"}],"wp:featuredmedia":[{"embeddable":true,"href":"https:\/\/plexo.edu.uy\/index.php\/wp-json\/wp\/v2\/media\/9706"}],"wp:attachment":[{"href":"https:\/\/plexo.edu.uy\/index.php\/wp-json\/wp\/v2\/media?parent=9677"}],"wp:term":[{"taxonomy":"category","embeddable":true,"href":"https:\/\/plexo.edu.uy\/index.php\/wp-json\/wp\/v2\/categories?post=9677"},{"taxonomy":"post_tag","embeddable":true,"href":"https:\/\/plexo.edu.uy\/index.php\/wp-json\/wp\/v2\/tags?post=9677"}],"curies":[{"name":"wp","href":"https:\/\/api.w.org\/{rel}","templated":true}]}}