{"id":9711,"date":"2022-11-23T12:38:46","date_gmt":"2022-11-23T12:38:46","guid":{"rendered":"https:\/\/plexo.edu.uy\/?p=9711"},"modified":"2023-02-02T23:19:35","modified_gmt":"2023-02-02T23:19:35","slug":"eje-de-trabajo-05-tecnopoliticas","status":"publish","type":"post","link":"https:\/\/plexo.edu.uy\/index.php\/2022\/11\/23\/eje-de-trabajo-05-tecnopoliticas\/","title":{"rendered":"Eje de trabajo 05 | Tecnopol\u00edticas"},"content":{"rendered":"<p>[et_pb_section fb_built=&#8221;1&#8243; admin_label=&#8221;Section Eje trabajo general&#8221; _builder_version=&#8221;4.18.0&#8243; _module_preset=&#8221;default&#8221; global_colors_info=&#8221;{}&#8221;][et_pb_row _builder_version=&#8221;4.18.0&#8243; _module_preset=&#8221;default&#8221; global_colors_info=&#8221;{}&#8221;][et_pb_column type=&#8221;4_4&#8243; _builder_version=&#8221;4.18.0&#8243; _module_preset=&#8221;default&#8221; global_colors_info=&#8221;{}&#8221;][et_pb_text _builder_version=&#8221;4.19.0&#8243; _module_preset=&#8221;default&#8221; text_font_size=&#8221;20px&#8221; global_colors_info=&#8221;{}&#8221;]<\/p>\n<h1>Eje de trabajo 05 | <strong>Tecnopol\u00edticas<\/strong><\/h1>\n<p>[\/et_pb_text][et_pb_image src=&#8221;https:\/\/plexo.edu.uy\/wp-content\/uploads\/2022\/11\/Difusion-charlas-PLEXO-09-1.jpg&#8221; title_text=&#8221;Difusi\u00f3n charlas PLEXO-09 (1)&#8221; _builder_version=&#8221;4.19.0&#8243; _module_preset=&#8221;default&#8221; global_colors_info=&#8221;{}&#8221;][\/et_pb_image][et_pb_text _builder_version=&#8221;4.19.0&#8243; _module_preset=&#8221;default&#8221; global_colors_info=&#8221;{}&#8221;]<\/p>\n<h4 style=\"text-align: center;\"><strong>Futuros Posibles<\/strong><\/h4>\n<p style=\"text-align: center;\"><em>Escenarios, lecturas e interpretaciones sobre el contexto arquitect\u00f3nico global.<\/em><\/p>\n<p style=\"text-align: center;\">V\u00eda Zoom | Curricularizaci\u00f3n Eje de trabajo 05<\/p>\n<h2 style=\"text-align: center;\">Tecnopol\u00edticas<\/h2>\n<p style=\"text-align: center;\">26\/11\/2022<\/p>\n<p style=\"text-align: center;\">10:00 a 11:30hs<\/p>\n<p style=\"text-align: center;\"><strong>Fernando Garc\u00eda Amen<\/strong><\/p>\n<p style=\"text-align: center;\"><em>&#8220;Filosof\u00edas para la inmortalidad&#8221;.<\/em><\/p>\n<p style=\"text-align: center;\">11:30 a 13:00hs<\/p>\n<p style=\"text-align: center;\"><strong>Fran D\u00edaz<\/strong><\/p>\n<p style=\"text-align: center;\"><em>&#8220;Form follow community&#8221;.<\/em><\/p>\n<p style=\"text-align: center;\">03\/12\/2022<\/p>\n<p style=\"text-align: center;\">10:00 a 11:30hs<\/p>\n<p style=\"text-align: center;\"><strong>Alberto de Austria<\/strong><\/p>\n<p style=\"text-align: center;\"><em>&#8220;Perspectivas hacia un mutualismo cibern\u00e9tico&#8221;<\/em><\/p>\n<p style=\"text-align: center;\">11:30 a 13:00hs<\/p>\n<p style=\"text-align: center;\"><b>Rodrigo Martin Iglesias<\/b><\/p>\n<p style=\"text-align: center;\"><em>&#8220;Cyber (R)evoluciones y tecn\u00f3polis futuras&#8221;<\/em><\/p>\n<p>&nbsp;<\/p>\n<p>[\/et_pb_text][\/et_pb_column][\/et_pb_row][\/et_pb_section]<\/p>\n","protected":false},"excerpt":{"rendered":"<p>Ciclo de Conferencias en torno a la curricularizaci\u00f3n del Viaje de Arquitectura de la generaci\u00f3n 2015. El Eje de trabajo 05, Tecnopol\u00edticas, contar\u00e1 con dos instancias de presentaci\u00f3n con charlas de Fernando Garc\u00eda Amen, Fran D\u00edaz, Alberto de Austria y Rodrigo Martin Iglesias<\/p>\n","protected":false},"author":3,"featured_media":9725,"comment_status":"closed","ping_status":"open","sticky":false,"template":"","format":"standard","meta":{"_et_pb_use_builder":"on","_et_pb_old_content":"","_et_gb_content_width":"","footnotes":""},"categories":[12],"tags":[],"class_list":["post-9711","post","type-post","status-publish","format-standard","has-post-thumbnail","hentry","category-curricularizacion"],"_links":{"self":[{"href":"https:\/\/plexo.edu.uy\/index.php\/wp-json\/wp\/v2\/posts\/9711","targetHints":{"allow":["GET"]}}],"collection":[{"href":"https:\/\/plexo.edu.uy\/index.php\/wp-json\/wp\/v2\/posts"}],"about":[{"href":"https:\/\/plexo.edu.uy\/index.php\/wp-json\/wp\/v2\/types\/post"}],"author":[{"embeddable":true,"href":"https:\/\/plexo.edu.uy\/index.php\/wp-json\/wp\/v2\/users\/3"}],"replies":[{"embeddable":true,"href":"https:\/\/plexo.edu.uy\/index.php\/wp-json\/wp\/v2\/comments?post=9711"}],"version-history":[{"count":0,"href":"https:\/\/plexo.edu.uy\/index.php\/wp-json\/wp\/v2\/posts\/9711\/revisions"}],"wp:featuredmedia":[{"embeddable":true,"href":"https:\/\/plexo.edu.uy\/index.php\/wp-json\/wp\/v2\/media\/9725"}],"wp:attachment":[{"href":"https:\/\/plexo.edu.uy\/index.php\/wp-json\/wp\/v2\/media?parent=9711"}],"wp:term":[{"taxonomy":"category","embeddable":true,"href":"https:\/\/plexo.edu.uy\/index.php\/wp-json\/wp\/v2\/categories?post=9711"},{"taxonomy":"post_tag","embeddable":true,"href":"https:\/\/plexo.edu.uy\/index.php\/wp-json\/wp\/v2\/tags?post=9711"}],"curies":[{"name":"wp","href":"https:\/\/api.w.org\/{rel}","templated":true}]}}