{"id":9717,"date":"2022-11-23T22:55:40","date_gmt":"2022-11-23T22:55:40","guid":{"rendered":"https:\/\/plexo.edu.uy\/?p=9717"},"modified":"2023-02-02T23:19:29","modified_gmt":"2023-02-02T23:19:29","slug":"curricularizacion-tecnopoliticas-01","status":"publish","type":"post","link":"https:\/\/plexo.edu.uy\/index.php\/2022\/11\/23\/curricularizacion-tecnopoliticas-01\/","title":{"rendered":"Curricularizaci\u00f3n | Tecnopol\u00edticas 01"},"content":{"rendered":"<p>[et_pb_section fb_built=&#8221;1&#8243; _builder_version=&#8221;4.18.0&#8243; _module_preset=&#8221;default&#8221; global_colors_info=&#8221;{}&#8221;][et_pb_row _builder_version=&#8221;4.18.0&#8243; _module_preset=&#8221;default&#8221; global_colors_info=&#8221;{}&#8221;][et_pb_column type=&#8221;4_4&#8243; _builder_version=&#8221;4.18.0&#8243; _module_preset=&#8221;default&#8221; global_colors_info=&#8221;{}&#8221;][et_pb_text _builder_version=&#8221;4.19.0&#8243; _module_preset=&#8221;default&#8221; global_colors_info=&#8221;{}&#8221;]<\/p>\n<h3 style=\"text-align: center;\">Futuros Posibles<\/h3>\n<p style=\"text-align: center;\"><em>Escenarios, lecturas, e interpretaciones sobre el contexto arquitect\u00f3nico global.<\/em><\/p>\n<h2 style=\"text-align: center;\"><strong>Tecnopol\u00edticas<\/strong><\/h2>\n<h3 style=\"text-align: center;\">01<\/h3>\n<p style=\"text-align: center;\">Curricularizaci\u00f3n Eje de trabajo 05<\/p>\n<p style=\"text-align: center;\">V\u00eda Zoom | 26\/11\/22 | 10:00 a 13:00hs<\/p>\n<p>[\/et_pb_text][\/et_pb_column][\/et_pb_row][et_pb_row column_structure=&#8221;1_2,1_2&#8243; _builder_version=&#8221;4.18.0&#8243; _module_preset=&#8221;default&#8221; global_colors_info=&#8221;{}&#8221;][et_pb_column type=&#8221;1_2&#8243; _builder_version=&#8221;4.18.0&#8243; _module_preset=&#8221;default&#8221; global_colors_info=&#8221;{}&#8221;][et_pb_image src=&#8221;https:\/\/plexo.edu.uy\/wp-content\/uploads\/2022\/11\/Difusion-charlas-PLEXO-47.jpg&#8221; title_text=&#8221;Difusi\u00f3n charlas PLEXO-47&#8243; _builder_version=&#8221;4.19.0&#8243; _module_preset=&#8221;default&#8221; global_colors_info=&#8221;{}&#8221;][\/et_pb_image][et_pb_text _builder_version=&#8221;4.19.0&#8243; _module_preset=&#8221;default&#8221; text_orientation=&#8221;justified&#8221; hover_enabled=&#8221;0&#8243; global_colors_info=&#8221;{}&#8221; sticky_enabled=&#8221;0&#8243;]<\/p>\n<h4>Fernando Garc\u00eda Amen<\/h4>\n<p>10:00 a 11:30hs<\/p>\n<h4><strong>&#8220;Filosof\u00edas para la inmortalidad&#8221;<\/strong><\/h4>\n<p>La construcci\u00f3n de ideas, reflexiones y pensamientos en relaci\u00f3n a la finitud de la vida a partir de ciertos discursos filos\u00f3ficos, encuentra en el avance tecnol\u00f3gico un campo f\u00e9rtil para pensar diversos futuros posibles. En ellos, el tiempo, como vector de aceleraci\u00f3n del desarrollo, constituye un instrumento -pretendidamente eficaz- para la prolongaci\u00f3n de la vida por medios artificiales, y para la creaci\u00f3n e ideaci\u00f3n de nuevas realidades por venir.<\/p>\n<p>[\/et_pb_text][\/et_pb_column][et_pb_column type=&#8221;1_2&#8243; _builder_version=&#8221;4.18.0&#8243; _module_preset=&#8221;default&#8221; global_colors_info=&#8221;{}&#8221;][et_pb_image src=&#8221;https:\/\/plexo.edu.uy\/wp-content\/uploads\/2022\/11\/Difusion-charlas-PLEXO-49.jpg&#8221; title_text=&#8221;Difusi\u00f3n charlas PLEXO-49&#8243; _builder_version=&#8221;4.19.0&#8243; _module_preset=&#8221;default&#8221; global_colors_info=&#8221;{}&#8221;][\/et_pb_image][et_pb_text _builder_version=&#8221;4.19.0&#8243; _module_preset=&#8221;default&#8221; text_orientation=&#8221;justified&#8221; hover_enabled=&#8221;0&#8243; global_colors_info=&#8221;{}&#8221; sticky_enabled=&#8221;0&#8243;]<\/p>\n<h4>Fran D\u00edaz<\/h4>\n<p>11:30 a 13:00hs<\/p>\n<h4><strong>&#8220;Form follow community&#8221;<\/strong><\/h4>\n<p>En el \u00e1mbito de la arquitectura y el dise\u00f1o tenemos el eterno debate entre supeditar forma respecto a funci\u00f3n o viceversa. Proponemos un recorrido desde otras formas de organizaci\u00f3n y generaci\u00f3n de arquitectura y dise\u00f1os para romper esta dicotom\u00eda y abordarlo la generaci\u00f3n de &#8220;formas&#8221; desde las voluntades, deseos, necesidades y gobernanzas de comunidades donde el rol del experto &#8220;dise\u00f1ador y arquitecto&#8221; se diluye. Comunidades que ponen en uso o crean dise\u00f1os y espacios constituyentes o emergentes en otras formas de entender el mundo.<\/p>\n<p>[\/et_pb_text][\/et_pb_column][\/et_pb_row][et_pb_row _builder_version=&#8221;4.19.0&#8243; _module_preset=&#8221;default&#8221; global_colors_info=&#8221;{}&#8221;][et_pb_column type=&#8221;4_4&#8243; _builder_version=&#8221;4.19.0&#8243; _module_preset=&#8221;default&#8221; global_colors_info=&#8221;{}&#8221;][et_pb_text _builder_version=&#8221;4.19.0&#8243; _module_preset=&#8221;default&#8221; global_colors_info=&#8221;{}&#8221;]<\/p>\n<hr \/>\n<p style=\"text-align: center;\"><strong>Enlace para Zoom<\/strong><\/p>\n<p style=\"text-align: center;\">https:\/\/salavirtual-udelar.zoom.us\/j\/81808942402<\/p>\n<p style=\"text-align: center;\">ID de reuni\u00f3n: 818 0894 2402<\/p>\n<hr \/>\n<p>&nbsp;<\/p>\n<p>[\/et_pb_text][\/et_pb_column][\/et_pb_row][\/et_pb_section]<\/p>\n","protected":false},"excerpt":{"rendered":"<p>Ciclo de Conferencias en torno a la curricularizaci\u00f3n del Viaje de Arquitectura de la generaci\u00f3n 2015. Esta ser\u00e1 la primera instancia del Eje de trabajo 0, Tecnopol\u00edticas con charla de Fernando Garc\u00eda Amen y Fran D\u00edaz.<\/p>\n","protected":false},"author":3,"featured_media":9733,"comment_status":"closed","ping_status":"open","sticky":false,"template":"","format":"standard","meta":{"_et_pb_use_builder":"on","_et_pb_old_content":"","_et_gb_content_width":"","footnotes":""},"categories":[12],"tags":[],"class_list":["post-9717","post","type-post","status-publish","format-standard","has-post-thumbnail","hentry","category-curricularizacion"],"_links":{"self":[{"href":"https:\/\/plexo.edu.uy\/index.php\/wp-json\/wp\/v2\/posts\/9717","targetHints":{"allow":["GET"]}}],"collection":[{"href":"https:\/\/plexo.edu.uy\/index.php\/wp-json\/wp\/v2\/posts"}],"about":[{"href":"https:\/\/plexo.edu.uy\/index.php\/wp-json\/wp\/v2\/types\/post"}],"author":[{"embeddable":true,"href":"https:\/\/plexo.edu.uy\/index.php\/wp-json\/wp\/v2\/users\/3"}],"replies":[{"embeddable":true,"href":"https:\/\/plexo.edu.uy\/index.php\/wp-json\/wp\/v2\/comments?post=9717"}],"version-history":[{"count":0,"href":"https:\/\/plexo.edu.uy\/index.php\/wp-json\/wp\/v2\/posts\/9717\/revisions"}],"wp:featuredmedia":[{"embeddable":true,"href":"https:\/\/plexo.edu.uy\/index.php\/wp-json\/wp\/v2\/media\/9733"}],"wp:attachment":[{"href":"https:\/\/plexo.edu.uy\/index.php\/wp-json\/wp\/v2\/media?parent=9717"}],"wp:term":[{"taxonomy":"category","embeddable":true,"href":"https:\/\/plexo.edu.uy\/index.php\/wp-json\/wp\/v2\/categories?post=9717"},{"taxonomy":"post_tag","embeddable":true,"href":"https:\/\/plexo.edu.uy\/index.php\/wp-json\/wp\/v2\/tags?post=9717"}],"curies":[{"name":"wp","href":"https:\/\/api.w.org\/{rel}","templated":true}]}}